{"id":2169,"date":"2024-08-24T12:15:12","date_gmt":"2024-08-24T16:15:12","guid":{"rendered":"https:\/\/calderon.gob.ec\/esmeraldas\/?p=2169"},"modified":"2025-08-13T12:17:57","modified_gmt":"2025-08-13T16:17:57","slug":"%f0%9f%93%b8%f0%9f%91%91-brillo-elegancia-y-mucha-actitud-en-la-sesion-de-fotos-oficial-%f0%9f%92%ab%e2%9c%a8","status":"publish","type":"post","link":"https:\/\/calderon.gob.ec\/esmeraldas\/?p=2169","title":{"rendered":"\ud83d\udcf8\ud83d\udc51 \u00a1Brillo, elegancia y mucha actitud en la sesi\u00f3n de fotos oficial! \ud83d\udcab\u2728"},"content":{"rendered":"<p data-start=\"240\" data-end=\"435\">Las candidatas a <strong data-start=\"257\" data-end=\"283\">Reina de Calder\u00f3n 2024<\/strong>\u00a0vivieron una jornada llena de estilo, confianza y emoci\u00f3n durante su <strong data-start=\"353\" data-end=\"383\">sesi\u00f3n fotogr\u00e1fica oficial<\/strong>, organizada por el GAD Parroquial de Calder\u00f3n. \ud83d\udc90\ud83d\udcf7<\/p>\n<p data-start=\"437\" data-end=\"614\">Este momento especial marca el inicio de una experiencia \u00fanica para nuestras j\u00f3venes representantes, quienes con orgullo y carisma reflejan la esencia de nuestra parroquia. \ud83c\udf38\ud83d\udc78<\/p>\n<p data-start=\"616\" data-end=\"726\">\u2728 \u00a1Pronto compartiremos sus mejores fotos en nuestras redes!<br data-start=\"676\" data-end=\"679\" \/>La belleza de Calder\u00f3n est\u00e1 en buenas manos. \ud83d\ude4c<\/p>\n<p data-start=\"616\" data-end=\"726\">\n<p data-start=\"616\" data-end=\"726\"><img loading=\"lazy\" decoding=\"async\" class=\"alignnone size-medium wp-image-2170\" src=\"https:\/\/calderon.gob.ec\/esmeraldas\/wp-content\/uploads\/2025\/08\/IMG20240824111105-550x413.jpg\" alt=\"\" width=\"550\" height=\"413\" srcset=\"https:\/\/calderon.gob.ec\/esmeraldas\/wp-content\/uploads\/2025\/08\/IMG20240824111105-550x413.jpg 550w, https:\/\/calderon.gob.ec\/esmeraldas\/wp-content\/uploads\/2025\/08\/IMG20240824111105-1024x768.jpg 1024w, https:\/\/calderon.gob.ec\/esmeraldas\/wp-content\/uploads\/2025\/08\/IMG20240824111105-768x576.jpg 768w, https:\/\/calderon.gob.ec\/esmeraldas\/wp-content\/uploads\/2025\/08\/IMG20240824111105-1536x1152.jpg 1536w, https:\/\/calderon.gob.ec\/esmeraldas\/wp-content\/uploads\/2025\/08\/IMG20240824111105-2048x1536.jpg 2048w\" sizes=\"auto, (max-width: 550px) 100vw, 550px\" \/><img loading=\"lazy\" decoding=\"async\" class=\"alignnone size-medium wp-image-2171\" src=\"https:\/\/calderon.gob.ec\/esmeraldas\/wp-content\/uploads\/2025\/08\/IMG20240824111107-550x413.jpg\" alt=\"\" width=\"550\" height=\"413\" srcset=\"https:\/\/calderon.gob.ec\/esmeraldas\/wp-content\/uploads\/2025\/08\/IMG20240824111107-550x413.jpg 550w, https:\/\/calderon.gob.ec\/esmeraldas\/wp-content\/uploads\/2025\/08\/IMG20240824111107-1024x768.jpg 1024w, https:\/\/calderon.gob.ec\/esmeraldas\/wp-content\/uploads\/2025\/08\/IMG20240824111107-768x576.jpg 768w, https:\/\/calderon.gob.ec\/esmeraldas\/wp-content\/uploads\/2025\/08\/IMG20240824111107-1536x1152.jpg 1536w, https:\/\/calderon.gob.ec\/esmeraldas\/wp-content\/uploads\/2025\/08\/IMG20240824111107-2048x1536.jpg 2048w\" sizes=\"auto, (max-width: 550px) 100vw, 550px\" \/><img loading=\"lazy\" decoding=\"async\" class=\"alignnone size-medium wp-image-2172\" src=\"https:\/\/calderon.gob.ec\/esmeraldas\/wp-content\/uploads\/2025\/08\/IMG20240824112346-550x413.jpg\" alt=\"\" width=\"550\" height=\"413\" srcset=\"https:\/\/calderon.gob.ec\/esmeraldas\/wp-content\/uploads\/2025\/08\/IMG20240824112346-550x413.jpg 550w, https:\/\/calderon.gob.ec\/esmeraldas\/wp-content\/uploads\/2025\/08\/IMG20240824112346-1024x768.jpg 1024w, https:\/\/calderon.gob.ec\/esmeraldas\/wp-content\/uploads\/2025\/08\/IMG20240824112346-768x576.jpg 768w, https:\/\/calderon.gob.ec\/esmeraldas\/wp-content\/uploads\/2025\/08\/IMG20240824112346-1536x1152.jpg 1536w, https:\/\/calderon.gob.ec\/esmeraldas\/wp-content\/uploads\/2025\/08\/IMG20240824112346-2048x1536.jpg 2048w\" sizes=\"auto, (max-width: 550px) 100vw, 550px\" \/><\/p>\n","protected":false},"excerpt":{"rendered":"<p>Las candidatas a Reina de Calder\u00f3n 2024\u00a0vivieron una jornada llena de estilo, confianza y emoci\u00f3n durante su sesi\u00f3n fotogr\u00e1fica oficial, organizada por el GAD Parroquial de Calder\u00f3n. \ud83d\udc90\ud83d\udcf7 Este momento especial marca el inicio de una experiencia \u00fanica para nuestras j\u00f3venes representantes, quienes con orgullo y carisma reflejan la esencia de nuestra parroquia. \ud83c\udf38\ud83d\udc78 \u2728&hellip;<\/p>\n","protected":false},"author":9,"featured_media":2172,"comment_status":"closed","ping_status":"closed","sticky":false,"template":"","format":"standard","meta":{"_joinchat":[]},"categories":[1],"tags":[],"class_list":["post-2169","post","type-post","status-publish","format-standard","has-post-thumbnail","hentry","category-noticias","category-1","description-off"],"_links":{"self":[{"href":"https:\/\/calderon.gob.ec\/esmeraldas\/index.php?rest_route=\/wp\/v2\/posts\/2169","targetHints":{"allow":["GET"]}}],"collection":[{"href":"https:\/\/calderon.gob.ec\/esmeraldas\/index.php?rest_route=\/wp\/v2\/posts"}],"about":[{"href":"https:\/\/calderon.gob.ec\/esmeraldas\/index.php?rest_route=\/wp\/v2\/types\/post"}],"author":[{"embeddable":true,"href":"https:\/\/calderon.gob.ec\/esmeraldas\/index.php?rest_route=\/wp\/v2\/users\/9"}],"replies":[{"embeddable":true,"href":"https:\/\/calderon.gob.ec\/esmeraldas\/index.php?rest_route=%2Fwp%2Fv2%2Fcomments&post=2169"}],"version-history":[{"count":2,"href":"https:\/\/calderon.gob.ec\/esmeraldas\/index.php?rest_route=\/wp\/v2\/posts\/2169\/revisions"}],"predecessor-version":[{"id":2174,"href":"https:\/\/calderon.gob.ec\/esmeraldas\/index.php?rest_route=\/wp\/v2\/posts\/2169\/revisions\/2174"}],"wp:featuredmedia":[{"embeddable":true,"href":"https:\/\/calderon.gob.ec\/esmeraldas\/index.php?rest_route=\/wp\/v2\/media\/2172"}],"wp:attachment":[{"href":"https:\/\/calderon.gob.ec\/esmeraldas\/index.php?rest_route=%2Fwp%2Fv2%2Fmedia&parent=2169"}],"wp:term":[{"taxonomy":"category","embeddable":true,"href":"https:\/\/calderon.gob.ec\/esmeraldas\/index.php?rest_route=%2Fwp%2Fv2%2Fcategories&post=2169"},{"taxonomy":"post_tag","embeddable":true,"href":"https:\/\/calderon.gob.ec\/esmeraldas\/index.php?rest_route=%2Fwp%2Fv2%2Ftags&post=2169"}],"curies":[{"name":"wp","href":"https:\/\/api.w.org\/{rel}","templated":true}]}}