{"id":2166,"date":"2024-08-07T12:06:06","date_gmt":"2024-08-07T16:06:06","guid":{"rendered":"https:\/\/calderon.gob.ec\/esmeraldas\/?p=2166"},"modified":"2025-08-13T12:14:59","modified_gmt":"2025-08-13T16:14:59","slug":"%f0%9f%91%91%f0%9f%a4%9d-reunion-con-los-padres-de-nuestras-futuras-reinas-%f0%9f%8c%9f%f0%9f%8f%b5%ef%b8%8f","status":"publish","type":"post","link":"https:\/\/calderon.gob.ec\/esmeraldas\/?p=2166","title":{"rendered":"\ud83d\udc51\ud83e\udd1d \u00a1Reuni\u00f3n con los padres de nuestras futuras reinas! \ud83c\udf1f\ud83c\udff5\ufe0f"},"content":{"rendered":"<p data-start=\"236\" data-end=\"463\">Con el objetivo de garantizar una organizaci\u00f3n responsable, segura y llena de alegr\u00eda, el GAD Parroquial de Calder\u00f3n llev\u00f3 a cabo una <strong data-start=\"370\" data-end=\"451\">reuni\u00f3n informativa con los padres de las candidatas a Reina de Calder\u00f3n 2024<\/strong>. \ud83d\udccb\ud83d\udc68\u200d\ud83d\udc69\u200d\ud83d\udc67<\/p>\n<p data-start=\"465\" data-end=\"689\">Durante el encuentro se trataron temas como:<br data-start=\"509\" data-end=\"512\" \/>\u2705 Cronograma de actividades y presentaciones<br data-start=\"556\" data-end=\"559\" \/>\u2705 Normativas y requisitos del certamen<br data-start=\"597\" data-end=\"600\" \/>\u2705 Seguridad y acompa\u00f1amiento en los eventos<br data-start=\"643\" data-end=\"646\" \/>\u2705 Compromiso y apoyo familiar en el proceso<\/p>\n<p data-start=\"691\" data-end=\"877\">Esta reuni\u00f3n fue fundamental para <strong data-start=\"725\" data-end=\"772\">fortalecer la coordinaci\u00f3n con las familias<\/strong>, asegurar el bienestar de las candidatas y vivir esta experiencia con responsabilidad y entusiasmo. \ud83d\udc78\ud83c\udf89<\/p>\n<p data-start=\"879\" data-end=\"1013\">\ud83d\ude4c Agradecemos a cada padre, madre y representante por su confianza y participaci\u00f3n activa. \u00a1Vamos camino a unas fiestas inolvidables!<\/p>\n<p data-start=\"879\" data-end=\"1013\">\n<p data-start=\"879\" data-end=\"1013\"><img loading=\"lazy\" decoding=\"async\" class=\"alignnone size-medium wp-image-2167\" src=\"https:\/\/calderon.gob.ec\/esmeraldas\/wp-content\/uploads\/2025\/08\/IMG20240807171812-550x413.jpg\" alt=\"\" width=\"550\" height=\"413\" srcset=\"https:\/\/calderon.gob.ec\/esmeraldas\/wp-content\/uploads\/2025\/08\/IMG20240807171812-550x413.jpg 550w, https:\/\/calderon.gob.ec\/esmeraldas\/wp-content\/uploads\/2025\/08\/IMG20240807171812-1024x768.jpg 1024w, https:\/\/calderon.gob.ec\/esmeraldas\/wp-content\/uploads\/2025\/08\/IMG20240807171812-768x576.jpg 768w, https:\/\/calderon.gob.ec\/esmeraldas\/wp-content\/uploads\/2025\/08\/IMG20240807171812-1536x1152.jpg 1536w, https:\/\/calderon.gob.ec\/esmeraldas\/wp-content\/uploads\/2025\/08\/IMG20240807171812-2048x1536.jpg 2048w\" sizes=\"auto, (max-width: 550px) 100vw, 550px\" \/><\/p>\n","protected":false},"excerpt":{"rendered":"<p>Con el objetivo de garantizar una organizaci\u00f3n responsable, segura y llena de alegr\u00eda, el GAD Parroquial de Calder\u00f3n llev\u00f3 a cabo una reuni\u00f3n informativa con los padres de las candidatas a Reina de Calder\u00f3n 2024. \ud83d\udccb\ud83d\udc68\u200d\ud83d\udc69\u200d\ud83d\udc67 Durante el encuentro se trataron temas como:\u2705 Cronograma de actividades y presentaciones\u2705 Normativas y requisitos del certamen\u2705 Seguridad y&hellip;<\/p>\n","protected":false},"author":9,"featured_media":2167,"comment_status":"closed","ping_status":"closed","sticky":false,"template":"","format":"standard","meta":{"_joinchat":[]},"categories":[1],"tags":[],"class_list":["post-2166","post","type-post","status-publish","format-standard","has-post-thumbnail","hentry","category-noticias","category-1","description-off"],"_links":{"self":[{"href":"https:\/\/calderon.gob.ec\/esmeraldas\/index.php?rest_route=\/wp\/v2\/posts\/2166","targetHints":{"allow":["GET"]}}],"collection":[{"href":"https:\/\/calderon.gob.ec\/esmeraldas\/index.php?rest_route=\/wp\/v2\/posts"}],"about":[{"href":"https:\/\/calderon.gob.ec\/esmeraldas\/index.php?rest_route=\/wp\/v2\/types\/post"}],"author":[{"embeddable":true,"href":"https:\/\/calderon.gob.ec\/esmeraldas\/index.php?rest_route=\/wp\/v2\/users\/9"}],"replies":[{"embeddable":true,"href":"https:\/\/calderon.gob.ec\/esmeraldas\/index.php?rest_route=%2Fwp%2Fv2%2Fcomments&post=2166"}],"version-history":[{"count":1,"href":"https:\/\/calderon.gob.ec\/esmeraldas\/index.php?rest_route=\/wp\/v2\/posts\/2166\/revisions"}],"predecessor-version":[{"id":2168,"href":"https:\/\/calderon.gob.ec\/esmeraldas\/index.php?rest_route=\/wp\/v2\/posts\/2166\/revisions\/2168"}],"wp:featuredmedia":[{"embeddable":true,"href":"https:\/\/calderon.gob.ec\/esmeraldas\/index.php?rest_route=\/wp\/v2\/media\/2167"}],"wp:attachment":[{"href":"https:\/\/calderon.gob.ec\/esmeraldas\/index.php?rest_route=%2Fwp%2Fv2%2Fmedia&parent=2166"}],"wp:term":[{"taxonomy":"category","embeddable":true,"href":"https:\/\/calderon.gob.ec\/esmeraldas\/index.php?rest_route=%2Fwp%2Fv2%2Fcategories&post=2166"},{"taxonomy":"post_tag","embeddable":true,"href":"https:\/\/calderon.gob.ec\/esmeraldas\/index.php?rest_route=%2Fwp%2Fv2%2Ftags&post=2166"}],"curies":[{"name":"wp","href":"https:\/\/api.w.org\/{rel}","templated":true}]}}