{"id":2160,"date":"2024-07-31T12:03:11","date_gmt":"2024-07-31T16:03:11","guid":{"rendered":"https:\/\/calderon.gob.ec\/esmeraldas\/?p=2160"},"modified":"2025-08-13T12:05:42","modified_gmt":"2025-08-13T16:05:42","slug":"%f0%9f%8e%89%f0%9f%a4%9d-calderon-se-alista-para-sus-fiestas-%f0%9f%a5%b3%f0%9f%8f%a1","status":"publish","type":"post","link":"https:\/\/calderon.gob.ec\/esmeraldas\/?p=2160","title":{"rendered":"\ud83c\udf89\ud83e\udd1d \u00a1Calder\u00f3n se alista para sus fiestas! \ud83e\udd73\ud83c\udfe1"},"content":{"rendered":"<p data-start=\"245\" data-end=\"485\">En un ambiente de compromiso y entusiasmo, se realiz\u00f3 una <strong data-start=\"303\" data-end=\"382\">reuni\u00f3n de planificaci\u00f3n con las autoridades del GAD Parroquial de Calder\u00f3n<\/strong> para coordinar todos los detalles de lo que ser\u00e1n nuestras <strong data-start=\"442\" data-end=\"479\">fiestas de parroquializaci\u00f3n 2024<\/strong>. \ud83d\udccb\ud83c\udf8a<\/p>\n<p data-start=\"487\" data-end=\"714\">Durante la jornada se trataron temas como:<br data-start=\"529\" data-end=\"532\" \/>\u2705 Agenda de actividades culturales, deportivas y c\u00edvicas<br data-start=\"588\" data-end=\"591\" \/>\u2705 Log\u00edstica y seguridad para los eventos<br data-start=\"631\" data-end=\"634\" \/>\u2705 Coordinaci\u00f3n con instituciones y comunidad<br data-start=\"678\" data-end=\"681\" \/>\u2705 Presupuesto y responsabilidades<\/p>\n<p data-start=\"716\" data-end=\"896\">\ud83c\udfaf El objetivo es claro: brindar a la ciudadan\u00eda <strong data-start=\"765\" data-end=\"829\">unas fiestas organizadas, participativas y llenas de alegr\u00eda<\/strong>, resaltando la identidad y tradici\u00f3n de nuestra querida parroquia.<\/p>\n<p data-start=\"898\" data-end=\"1008\">\ud83d\ude4c \u00a1Gracias a todos los que forman parte de esta organizaci\u00f3n! Pronto daremos a conocer el cronograma oficial.<\/p>\n<p data-start=\"898\" data-end=\"1008\"><img loading=\"lazy\" decoding=\"async\" class=\"alignnone size-medium wp-image-2161\" src=\"https:\/\/calderon.gob.ec\/esmeraldas\/wp-content\/uploads\/2025\/08\/IMG20240731090021-550x413.jpg\" alt=\"\" width=\"550\" height=\"413\" srcset=\"https:\/\/calderon.gob.ec\/esmeraldas\/wp-content\/uploads\/2025\/08\/IMG20240731090021-550x413.jpg 550w, https:\/\/calderon.gob.ec\/esmeraldas\/wp-content\/uploads\/2025\/08\/IMG20240731090021-1024x768.jpg 1024w, https:\/\/calderon.gob.ec\/esmeraldas\/wp-content\/uploads\/2025\/08\/IMG20240731090021-768x576.jpg 768w, https:\/\/calderon.gob.ec\/esmeraldas\/wp-content\/uploads\/2025\/08\/IMG20240731090021-1536x1152.jpg 1536w, https:\/\/calderon.gob.ec\/esmeraldas\/wp-content\/uploads\/2025\/08\/IMG20240731090021-2048x1536.jpg 2048w\" sizes=\"auto, (max-width: 550px) 100vw, 550px\" \/><img loading=\"lazy\" decoding=\"async\" class=\"alignnone size-medium wp-image-2162\" src=\"https:\/\/calderon.gob.ec\/esmeraldas\/wp-content\/uploads\/2025\/08\/IMG20240731090032-550x413.jpg\" alt=\"\" width=\"550\" height=\"413\" srcset=\"https:\/\/calderon.gob.ec\/esmeraldas\/wp-content\/uploads\/2025\/08\/IMG20240731090032-550x413.jpg 550w, https:\/\/calderon.gob.ec\/esmeraldas\/wp-content\/uploads\/2025\/08\/IMG20240731090032-1024x768.jpg 1024w, https:\/\/calderon.gob.ec\/esmeraldas\/wp-content\/uploads\/2025\/08\/IMG20240731090032-768x576.jpg 768w, https:\/\/calderon.gob.ec\/esmeraldas\/wp-content\/uploads\/2025\/08\/IMG20240731090032-1536x1152.jpg 1536w, https:\/\/calderon.gob.ec\/esmeraldas\/wp-content\/uploads\/2025\/08\/IMG20240731090032-2048x1536.jpg 2048w\" sizes=\"auto, (max-width: 550px) 100vw, 550px\" \/><\/p>\n","protected":false},"excerpt":{"rendered":"<p>En un ambiente de compromiso y entusiasmo, se realiz\u00f3 una reuni\u00f3n de planificaci\u00f3n con las autoridades del GAD Parroquial de Calder\u00f3n para coordinar todos los detalles de lo que ser\u00e1n nuestras fiestas de parroquializaci\u00f3n 2024. \ud83d\udccb\ud83c\udf8a Durante la jornada se trataron temas como:\u2705 Agenda de actividades culturales, deportivas y c\u00edvicas\u2705 Log\u00edstica y seguridad para los&hellip;<\/p>\n","protected":false},"author":9,"featured_media":2162,"comment_status":"closed","ping_status":"closed","sticky":false,"template":"","format":"standard","meta":{"_joinchat":[]},"categories":[1],"tags":[],"class_list":["post-2160","post","type-post","status-publish","format-standard","has-post-thumbnail","hentry","category-noticias","category-1","description-off"],"_links":{"self":[{"href":"https:\/\/calderon.gob.ec\/esmeraldas\/index.php?rest_route=\/wp\/v2\/posts\/2160","targetHints":{"allow":["GET"]}}],"collection":[{"href":"https:\/\/calderon.gob.ec\/esmeraldas\/index.php?rest_route=\/wp\/v2\/posts"}],"about":[{"href":"https:\/\/calderon.gob.ec\/esmeraldas\/index.php?rest_route=\/wp\/v2\/types\/post"}],"author":[{"embeddable":true,"href":"https:\/\/calderon.gob.ec\/esmeraldas\/index.php?rest_route=\/wp\/v2\/users\/9"}],"replies":[{"embeddable":true,"href":"https:\/\/calderon.gob.ec\/esmeraldas\/index.php?rest_route=%2Fwp%2Fv2%2Fcomments&post=2160"}],"version-history":[{"count":3,"href":"https:\/\/calderon.gob.ec\/esmeraldas\/index.php?rest_route=\/wp\/v2\/posts\/2160\/revisions"}],"predecessor-version":[{"id":2165,"href":"https:\/\/calderon.gob.ec\/esmeraldas\/index.php?rest_route=\/wp\/v2\/posts\/2160\/revisions\/2165"}],"wp:featuredmedia":[{"embeddable":true,"href":"https:\/\/calderon.gob.ec\/esmeraldas\/index.php?rest_route=\/wp\/v2\/media\/2162"}],"wp:attachment":[{"href":"https:\/\/calderon.gob.ec\/esmeraldas\/index.php?rest_route=%2Fwp%2Fv2%2Fmedia&parent=2160"}],"wp:term":[{"taxonomy":"category","embeddable":true,"href":"https:\/\/calderon.gob.ec\/esmeraldas\/index.php?rest_route=%2Fwp%2Fv2%2Fcategories&post=2160"},{"taxonomy":"post_tag","embeddable":true,"href":"https:\/\/calderon.gob.ec\/esmeraldas\/index.php?rest_route=%2Fwp%2Fv2%2Ftags&post=2160"}],"curies":[{"name":"wp","href":"https:\/\/api.w.org\/{rel}","templated":true}]}}