{"id":2153,"date":"2024-06-19T11:56:57","date_gmt":"2024-06-19T15:56:57","guid":{"rendered":"https:\/\/calderon.gob.ec\/esmeraldas\/?p=2153"},"modified":"2025-08-13T12:03:00","modified_gmt":"2025-08-13T16:03:00","slug":"%f0%9f%9a%92%f0%9f%93%9a-capacitacion-que-protege-y-educa-%f0%9f%91%a9%f0%9f%8f%ab%f0%9f%94%a5","status":"publish","type":"post","link":"https:\/\/calderon.gob.ec\/esmeraldas\/?p=2153","title":{"rendered":"\ud83d\ude92\ud83d\udcda \u00a1Capacitaci\u00f3n que protege y educa! \ud83d\udc69\u200d\ud83c\udfeb\ud83d\udd25"},"content":{"rendered":"<p data-start=\"258\" data-end=\"492\">Las educadoras del Centro de Desarrollo Infantil (CDI) de Calder\u00f3n participaron en una valiosa <strong data-start=\"353\" data-end=\"420\">capacitaci\u00f3n impartida por el Cuerpo de Bomberos de San Lorenzo<\/strong>, enfocada en <strong data-start=\"434\" data-end=\"486\">prevenci\u00f3n de riesgos y actuaci\u00f3n en emergencias<\/strong>. \ud83e\uddef\ud83d\udca1<\/p>\n<p data-start=\"494\" data-end=\"672\">Durante la jornada aprendieron sobre:<br data-start=\"531\" data-end=\"534\" \/>\u2705 Uso correcto de extintores<br data-start=\"562\" data-end=\"565\" \/>\u2705 Protocolos de evacuaci\u00f3n<br data-start=\"591\" data-end=\"594\" \/>\u2705 Prevenci\u00f3n de incendios en entornos infantiles<br data-start=\"642\" data-end=\"645\" \/>\u2705 Primeros auxilios b\u00e1sicos<\/p>\n<p data-start=\"674\" data-end=\"837\">Esta formaci\u00f3n fortalece la seguridad del CDI y garantiza que <strong data-start=\"736\" data-end=\"832\">nuestro personal est\u00e9 preparado para cuidar de los m\u00e1s peque\u00f1os ante cualquier eventualidad.<\/strong> \ud83d\udc76\ud83d\udedf<\/p>\n<p data-start=\"839\" data-end=\"986\">\ud83d\ude4c Agradecemos al Cuerpo de Bomberos de San Lorenzo por su compromiso con la formaci\u00f3n comunitaria y al equipo del CDI por su participaci\u00f3n activa.<\/p>\n<p data-start=\"839\" data-end=\"986\">\n<p data-start=\"839\" data-end=\"986\"><img loading=\"lazy\" decoding=\"async\" class=\"alignnone size-medium wp-image-2154\" src=\"https:\/\/calderon.gob.ec\/esmeraldas\/wp-content\/uploads\/2025\/08\/IMG20240619085207-550x413.jpg\" alt=\"\" width=\"550\" height=\"413\" srcset=\"https:\/\/calderon.gob.ec\/esmeraldas\/wp-content\/uploads\/2025\/08\/IMG20240619085207-550x413.jpg 550w, https:\/\/calderon.gob.ec\/esmeraldas\/wp-content\/uploads\/2025\/08\/IMG20240619085207-1024x768.jpg 1024w, https:\/\/calderon.gob.ec\/esmeraldas\/wp-content\/uploads\/2025\/08\/IMG20240619085207-768x576.jpg 768w, https:\/\/calderon.gob.ec\/esmeraldas\/wp-content\/uploads\/2025\/08\/IMG20240619085207-1536x1152.jpg 1536w, https:\/\/calderon.gob.ec\/esmeraldas\/wp-content\/uploads\/2025\/08\/IMG20240619085207-2048x1536.jpg 2048w\" sizes=\"auto, (max-width: 550px) 100vw, 550px\" \/><img loading=\"lazy\" decoding=\"async\" class=\"alignnone size-medium wp-image-2155\" src=\"https:\/\/calderon.gob.ec\/esmeraldas\/wp-content\/uploads\/2025\/08\/IMG20240619085215-550x413.jpg\" alt=\"\" width=\"550\" height=\"413\" srcset=\"https:\/\/calderon.gob.ec\/esmeraldas\/wp-content\/uploads\/2025\/08\/IMG20240619085215-550x413.jpg 550w, https:\/\/calderon.gob.ec\/esmeraldas\/wp-content\/uploads\/2025\/08\/IMG20240619085215-1024x768.jpg 1024w, https:\/\/calderon.gob.ec\/esmeraldas\/wp-content\/uploads\/2025\/08\/IMG20240619085215-768x576.jpg 768w, https:\/\/calderon.gob.ec\/esmeraldas\/wp-content\/uploads\/2025\/08\/IMG20240619085215-1536x1152.jpg 1536w, https:\/\/calderon.gob.ec\/esmeraldas\/wp-content\/uploads\/2025\/08\/IMG20240619085215-2048x1536.jpg 2048w\" sizes=\"auto, (max-width: 550px) 100vw, 550px\" \/><img loading=\"lazy\" decoding=\"async\" class=\"alignnone size-medium wp-image-2156\" src=\"https:\/\/calderon.gob.ec\/esmeraldas\/wp-content\/uploads\/2025\/08\/IMG20240619085329-550x413.jpg\" alt=\"\" width=\"550\" height=\"413\" srcset=\"https:\/\/calderon.gob.ec\/esmeraldas\/wp-content\/uploads\/2025\/08\/IMG20240619085329-550x413.jpg 550w, https:\/\/calderon.gob.ec\/esmeraldas\/wp-content\/uploads\/2025\/08\/IMG20240619085329-1024x768.jpg 1024w, https:\/\/calderon.gob.ec\/esmeraldas\/wp-content\/uploads\/2025\/08\/IMG20240619085329-768x576.jpg 768w, https:\/\/calderon.gob.ec\/esmeraldas\/wp-content\/uploads\/2025\/08\/IMG20240619085329-1536x1152.jpg 1536w, https:\/\/calderon.gob.ec\/esmeraldas\/wp-content\/uploads\/2025\/08\/IMG20240619085329-2048x1536.jpg 2048w\" sizes=\"auto, (max-width: 550px) 100vw, 550px\" \/><img loading=\"lazy\" decoding=\"async\" class=\"alignnone size-medium wp-image-2157\" src=\"https:\/\/calderon.gob.ec\/esmeraldas\/wp-content\/uploads\/2025\/08\/IMG20240619085731-550x413.jpg\" alt=\"\" width=\"550\" height=\"413\" srcset=\"https:\/\/calderon.gob.ec\/esmeraldas\/wp-content\/uploads\/2025\/08\/IMG20240619085731-550x413.jpg 550w, https:\/\/calderon.gob.ec\/esmeraldas\/wp-content\/uploads\/2025\/08\/IMG20240619085731-1024x768.jpg 1024w, https:\/\/calderon.gob.ec\/esmeraldas\/wp-content\/uploads\/2025\/08\/IMG20240619085731-768x576.jpg 768w, https:\/\/calderon.gob.ec\/esmeraldas\/wp-content\/uploads\/2025\/08\/IMG20240619085731-1536x1152.jpg 1536w, https:\/\/calderon.gob.ec\/esmeraldas\/wp-content\/uploads\/2025\/08\/IMG20240619085731-2048x1536.jpg 2048w\" sizes=\"auto, (max-width: 550px) 100vw, 550px\" \/><\/p>\n","protected":false},"excerpt":{"rendered":"<p>Las educadoras del Centro de Desarrollo Infantil (CDI) de Calder\u00f3n participaron en una valiosa capacitaci\u00f3n impartida por el Cuerpo de Bomberos de San Lorenzo, enfocada en prevenci\u00f3n de riesgos y actuaci\u00f3n en emergencias. \ud83e\uddef\ud83d\udca1 Durante la jornada aprendieron sobre:\u2705 Uso correcto de extintores\u2705 Protocolos de evacuaci\u00f3n\u2705 Prevenci\u00f3n de incendios en entornos infantiles\u2705 Primeros auxilios b\u00e1sicos&hellip;<\/p>\n","protected":false},"author":9,"featured_media":2156,"comment_status":"closed","ping_status":"closed","sticky":false,"template":"","format":"standard","meta":{"_joinchat":[]},"categories":[1],"tags":[],"class_list":["post-2153","post","type-post","status-publish","format-standard","has-post-thumbnail","hentry","category-noticias","category-1","description-off"],"_links":{"self":[{"href":"https:\/\/calderon.gob.ec\/esmeraldas\/index.php?rest_route=\/wp\/v2\/posts\/2153","targetHints":{"allow":["GET"]}}],"collection":[{"href":"https:\/\/calderon.gob.ec\/esmeraldas\/index.php?rest_route=\/wp\/v2\/posts"}],"about":[{"href":"https:\/\/calderon.gob.ec\/esmeraldas\/index.php?rest_route=\/wp\/v2\/types\/post"}],"author":[{"embeddable":true,"href":"https:\/\/calderon.gob.ec\/esmeraldas\/index.php?rest_route=\/wp\/v2\/users\/9"}],"replies":[{"embeddable":true,"href":"https:\/\/calderon.gob.ec\/esmeraldas\/index.php?rest_route=%2Fwp%2Fv2%2Fcomments&post=2153"}],"version-history":[{"count":2,"href":"https:\/\/calderon.gob.ec\/esmeraldas\/index.php?rest_route=\/wp\/v2\/posts\/2153\/revisions"}],"predecessor-version":[{"id":2159,"href":"https:\/\/calderon.gob.ec\/esmeraldas\/index.php?rest_route=\/wp\/v2\/posts\/2153\/revisions\/2159"}],"wp:featuredmedia":[{"embeddable":true,"href":"https:\/\/calderon.gob.ec\/esmeraldas\/index.php?rest_route=\/wp\/v2\/media\/2156"}],"wp:attachment":[{"href":"https:\/\/calderon.gob.ec\/esmeraldas\/index.php?rest_route=%2Fwp%2Fv2%2Fmedia&parent=2153"}],"wp:term":[{"taxonomy":"category","embeddable":true,"href":"https:\/\/calderon.gob.ec\/esmeraldas\/index.php?rest_route=%2Fwp%2Fv2%2Fcategories&post=2153"},{"taxonomy":"post_tag","embeddable":true,"href":"https:\/\/calderon.gob.ec\/esmeraldas\/index.php?rest_route=%2Fwp%2Fv2%2Ftags&post=2153"}],"curies":[{"name":"wp","href":"https:\/\/api.w.org\/{rel}","templated":true}]}}