{"id":2148,"date":"2024-06-17T11:54:15","date_gmt":"2024-06-17T15:54:15","guid":{"rendered":"https:\/\/calderon.gob.ec\/esmeraldas\/?p=2148"},"modified":"2025-08-13T11:56:40","modified_gmt":"2025-08-13T15:56:40","slug":"%f0%9f%a4%9d%f0%9f%8f%9b%ef%b8%8f-gestion-que-se-mueve-por-calderon-%f0%9f%8c%9f%f0%9f%93%8d","status":"publish","type":"post","link":"https:\/\/calderon.gob.ec\/esmeraldas\/?p=2148","title":{"rendered":"\ud83e\udd1d\ud83c\udfdb\ufe0f \u00a1Gesti\u00f3n que se mueve por Calder\u00f3n! \ud83c\udf1f\ud83d\udccd"},"content":{"rendered":"<p data-start=\"255\" data-end=\"586\">El presidente del GAD Parroquial de Calder\u00f3n contin\u00faa fortaleciendo lazos institucionales en beneficio de nuestra comunidad. Esta semana, <strong data-start=\"393\" data-end=\"475\">mantuvo una importante reuni\u00f3n con el Gobernador de la provincia de Esmeraldas<\/strong>, con el fin de <strong data-start=\"491\" data-end=\"580\">gestionar proyectos y coordinar acciones conjuntas para el desarrollo de la parroquia<\/strong>. \ud83d\udccb\ud83c\udf31<\/p>\n<p data-start=\"588\" data-end=\"796\">Durante el encuentro se trataron temas clave como:<br data-start=\"638\" data-end=\"641\" \/>\u2705 Obras prioritarias para Calder\u00f3n<br data-start=\"675\" data-end=\"678\" \/>\u2705 Apoyo interinstitucional para servicios b\u00e1sicos<br data-start=\"727\" data-end=\"730\" \/>\u2705 Coordinaci\u00f3n para el fortalecimiento de la infraestructura local<\/p>\n<p data-start=\"798\" data-end=\"958\">Esta visita reafirma el compromiso de nuestras autoridades con una gesti\u00f3n cercana, activa y enfocada en resultados reales para los habitantes de Calder\u00f3n. \ud83d\udcac\ud83d\udc65<\/p>\n<p data-start=\"960\" data-end=\"1015\">\u00a1Seguimos tocando puertas y construyendo oportunidades!<\/p>\n<p data-start=\"960\" data-end=\"1015\"><img loading=\"lazy\" decoding=\"async\" class=\"alignnone size-medium wp-image-2149\" src=\"https:\/\/calderon.gob.ec\/esmeraldas\/wp-content\/uploads\/2025\/08\/IMG20240617151614-550x413.jpg\" alt=\"\" width=\"550\" height=\"413\" srcset=\"https:\/\/calderon.gob.ec\/esmeraldas\/wp-content\/uploads\/2025\/08\/IMG20240617151614-550x413.jpg 550w, https:\/\/calderon.gob.ec\/esmeraldas\/wp-content\/uploads\/2025\/08\/IMG20240617151614-1024x768.jpg 1024w, https:\/\/calderon.gob.ec\/esmeraldas\/wp-content\/uploads\/2025\/08\/IMG20240617151614-768x576.jpg 768w, https:\/\/calderon.gob.ec\/esmeraldas\/wp-content\/uploads\/2025\/08\/IMG20240617151614-1536x1152.jpg 1536w, https:\/\/calderon.gob.ec\/esmeraldas\/wp-content\/uploads\/2025\/08\/IMG20240617151614-2048x1536.jpg 2048w\" sizes=\"auto, (max-width: 550px) 100vw, 550px\" \/><\/p>\n","protected":false},"excerpt":{"rendered":"<p>El presidente del GAD Parroquial de Calder\u00f3n contin\u00faa fortaleciendo lazos institucionales en beneficio de nuestra comunidad. Esta semana, mantuvo una importante reuni\u00f3n con el Gobernador de la provincia de Esmeraldas, con el fin de gestionar proyectos y coordinar acciones conjuntas para el desarrollo de la parroquia. \ud83d\udccb\ud83c\udf31 Durante el encuentro se trataron temas clave como:\u2705&hellip;<\/p>\n","protected":false},"author":9,"featured_media":2149,"comment_status":"closed","ping_status":"closed","sticky":false,"template":"","format":"standard","meta":{"_joinchat":[]},"categories":[1],"tags":[],"class_list":["post-2148","post","type-post","status-publish","format-standard","has-post-thumbnail","hentry","category-noticias","category-1","description-off"],"_links":{"self":[{"href":"https:\/\/calderon.gob.ec\/esmeraldas\/index.php?rest_route=\/wp\/v2\/posts\/2148","targetHints":{"allow":["GET"]}}],"collection":[{"href":"https:\/\/calderon.gob.ec\/esmeraldas\/index.php?rest_route=\/wp\/v2\/posts"}],"about":[{"href":"https:\/\/calderon.gob.ec\/esmeraldas\/index.php?rest_route=\/wp\/v2\/types\/post"}],"author":[{"embeddable":true,"href":"https:\/\/calderon.gob.ec\/esmeraldas\/index.php?rest_route=\/wp\/v2\/users\/9"}],"replies":[{"embeddable":true,"href":"https:\/\/calderon.gob.ec\/esmeraldas\/index.php?rest_route=%2Fwp%2Fv2%2Fcomments&post=2148"}],"version-history":[{"count":3,"href":"https:\/\/calderon.gob.ec\/esmeraldas\/index.php?rest_route=\/wp\/v2\/posts\/2148\/revisions"}],"predecessor-version":[{"id":2152,"href":"https:\/\/calderon.gob.ec\/esmeraldas\/index.php?rest_route=\/wp\/v2\/posts\/2148\/revisions\/2152"}],"wp:featuredmedia":[{"embeddable":true,"href":"https:\/\/calderon.gob.ec\/esmeraldas\/index.php?rest_route=\/wp\/v2\/media\/2149"}],"wp:attachment":[{"href":"https:\/\/calderon.gob.ec\/esmeraldas\/index.php?rest_route=%2Fwp%2Fv2%2Fmedia&parent=2148"}],"wp:term":[{"taxonomy":"category","embeddable":true,"href":"https:\/\/calderon.gob.ec\/esmeraldas\/index.php?rest_route=%2Fwp%2Fv2%2Fcategories&post=2148"},{"taxonomy":"post_tag","embeddable":true,"href":"https:\/\/calderon.gob.ec\/esmeraldas\/index.php?rest_route=%2Fwp%2Fv2%2Ftags&post=2148"}],"curies":[{"name":"wp","href":"https:\/\/api.w.org\/{rel}","templated":true}]}}