{"id":2141,"date":"2024-05-30T11:50:44","date_gmt":"2024-05-30T15:50:44","guid":{"rendered":"https:\/\/calderon.gob.ec\/esmeraldas\/?p=2141"},"modified":"2025-08-13T11:52:28","modified_gmt":"2025-08-13T15:52:28","slug":"%e2%9a%92%ef%b8%8f%e2%9a%bd-dejamos-la-cancha-lista-para-recibir-a-las-parroquias-%f0%9f%8f%9f%ef%b8%8f%f0%9f%99%8c","status":"publish","type":"post","link":"https:\/\/calderon.gob.ec\/esmeraldas\/?p=2141","title":{"rendered":"\u2692\ufe0f\u26bd \u00a1Dejamos la cancha lista para recibir a las parroquias! \ud83c\udfdf\ufe0f\ud83d\ude4c"},"content":{"rendered":"<p data-start=\"306\" data-end=\"588\">En el marco del <strong data-start=\"322\" data-end=\"384\">Campeonato Interparroquial organizado por el GAD Municipal<\/strong>, el GAD Parroquial de Calder\u00f3n realiz\u00f3 trabajos de <strong data-start=\"436\" data-end=\"485\">mantenimiento integral de la cancha de f\u00fatbol<\/strong> para brindar un espacio digno, seguro y en \u00f3ptimas condiciones a todos los equipos participantes. \ud83d\udcaa\ud83c\udf31<\/p>\n<p data-start=\"590\" data-end=\"766\">\ud83d\udee0\ufe0f Las labores incluyeron:<br data-start=\"617\" data-end=\"620\" \/>\u2705 Limpieza y nivelaci\u00f3n del terreno de juego<br data-start=\"664\" data-end=\"667\" \/>\u2705 Corte de c\u00e9sped y adecuaci\u00f3n del entorno<br data-start=\"709\" data-end=\"712\" \/>\u2705 Revisi\u00f3n de \u00e1reas comunes y espacios para el p\u00fablico<\/p>\n<p data-start=\"768\" data-end=\"952\">Con estos trabajos, Calder\u00f3n est\u00e1 listo para <strong data-start=\"813\" data-end=\"897\">ser sede y recibir con orgullo a las delegaciones deportivas de otras parroquias<\/strong>, en un ambiente de deporte, integraci\u00f3n y respeto. \ud83d\ude4c\u26bd<\/p>\n<p data-start=\"954\" data-end=\"1012\">\u00a1Que viva el deporte, que viva la unidad entre parroquias!<\/p>\n<p data-start=\"954\" data-end=\"1012\">\n<p data-start=\"954\" data-end=\"1012\"><img loading=\"lazy\" decoding=\"async\" class=\"alignnone size-medium wp-image-2142\" src=\"https:\/\/calderon.gob.ec\/esmeraldas\/wp-content\/uploads\/2025\/08\/IMG20240530092708-550x413.jpg\" alt=\"\" width=\"550\" height=\"413\" srcset=\"https:\/\/calderon.gob.ec\/esmeraldas\/wp-content\/uploads\/2025\/08\/IMG20240530092708-550x413.jpg 550w, https:\/\/calderon.gob.ec\/esmeraldas\/wp-content\/uploads\/2025\/08\/IMG20240530092708-1024x768.jpg 1024w, https:\/\/calderon.gob.ec\/esmeraldas\/wp-content\/uploads\/2025\/08\/IMG20240530092708-768x576.jpg 768w, https:\/\/calderon.gob.ec\/esmeraldas\/wp-content\/uploads\/2025\/08\/IMG20240530092708-1536x1152.jpg 1536w, https:\/\/calderon.gob.ec\/esmeraldas\/wp-content\/uploads\/2025\/08\/IMG20240530092708-2048x1536.jpg 2048w\" sizes=\"auto, (max-width: 550px) 100vw, 550px\" \/><img loading=\"lazy\" decoding=\"async\" class=\"alignnone size-medium wp-image-2143\" src=\"https:\/\/calderon.gob.ec\/esmeraldas\/wp-content\/uploads\/2025\/08\/IMG20240530092813-550x413.jpg\" alt=\"\" width=\"550\" height=\"413\" srcset=\"https:\/\/calderon.gob.ec\/esmeraldas\/wp-content\/uploads\/2025\/08\/IMG20240530092813-550x413.jpg 550w, https:\/\/calderon.gob.ec\/esmeraldas\/wp-content\/uploads\/2025\/08\/IMG20240530092813-1024x768.jpg 1024w, https:\/\/calderon.gob.ec\/esmeraldas\/wp-content\/uploads\/2025\/08\/IMG20240530092813-768x576.jpg 768w, https:\/\/calderon.gob.ec\/esmeraldas\/wp-content\/uploads\/2025\/08\/IMG20240530092813-1536x1152.jpg 1536w, https:\/\/calderon.gob.ec\/esmeraldas\/wp-content\/uploads\/2025\/08\/IMG20240530092813-2048x1536.jpg 2048w\" sizes=\"auto, (max-width: 550px) 100vw, 550px\" \/><img loading=\"lazy\" decoding=\"async\" class=\"alignnone size-medium wp-image-2144\" src=\"https:\/\/calderon.gob.ec\/esmeraldas\/wp-content\/uploads\/2025\/08\/IMG20240530092931-550x413.jpg\" alt=\"\" width=\"550\" height=\"413\" srcset=\"https:\/\/calderon.gob.ec\/esmeraldas\/wp-content\/uploads\/2025\/08\/IMG20240530092931-550x413.jpg 550w, https:\/\/calderon.gob.ec\/esmeraldas\/wp-content\/uploads\/2025\/08\/IMG20240530092931-1024x768.jpg 1024w, https:\/\/calderon.gob.ec\/esmeraldas\/wp-content\/uploads\/2025\/08\/IMG20240530092931-768x576.jpg 768w, https:\/\/calderon.gob.ec\/esmeraldas\/wp-content\/uploads\/2025\/08\/IMG20240530092931-1536x1152.jpg 1536w, https:\/\/calderon.gob.ec\/esmeraldas\/wp-content\/uploads\/2025\/08\/IMG20240530092931-2048x1536.jpg 2048w\" sizes=\"auto, (max-width: 550px) 100vw, 550px\" \/><img loading=\"lazy\" decoding=\"async\" class=\"alignnone size-medium wp-image-2145\" src=\"https:\/\/calderon.gob.ec\/esmeraldas\/wp-content\/uploads\/2025\/08\/IMG20240530092943-550x413.jpg\" alt=\"\" width=\"550\" height=\"413\" srcset=\"https:\/\/calderon.gob.ec\/esmeraldas\/wp-content\/uploads\/2025\/08\/IMG20240530092943-550x413.jpg 550w, https:\/\/calderon.gob.ec\/esmeraldas\/wp-content\/uploads\/2025\/08\/IMG20240530092943-1024x768.jpg 1024w, https:\/\/calderon.gob.ec\/esmeraldas\/wp-content\/uploads\/2025\/08\/IMG20240530092943-768x576.jpg 768w, https:\/\/calderon.gob.ec\/esmeraldas\/wp-content\/uploads\/2025\/08\/IMG20240530092943-1536x1152.jpg 1536w, https:\/\/calderon.gob.ec\/esmeraldas\/wp-content\/uploads\/2025\/08\/IMG20240530092943-2048x1536.jpg 2048w\" sizes=\"auto, (max-width: 550px) 100vw, 550px\" \/><\/p>\n","protected":false},"excerpt":{"rendered":"<p>En el marco del Campeonato Interparroquial organizado por el GAD Municipal, el GAD Parroquial de Calder\u00f3n realiz\u00f3 trabajos de mantenimiento integral de la cancha de f\u00fatbol para brindar un espacio digno, seguro y en \u00f3ptimas condiciones a todos los equipos participantes. \ud83d\udcaa\ud83c\udf31 \ud83d\udee0\ufe0f Las labores incluyeron:\u2705 Limpieza y nivelaci\u00f3n del terreno de juego\u2705 Corte de&hellip;<\/p>\n","protected":false},"author":9,"featured_media":2144,"comment_status":"closed","ping_status":"closed","sticky":false,"template":"","format":"standard","meta":{"_joinchat":[]},"categories":[1],"tags":[],"class_list":["post-2141","post","type-post","status-publish","format-standard","has-post-thumbnail","hentry","category-noticias","category-1","description-off"],"_links":{"self":[{"href":"https:\/\/calderon.gob.ec\/esmeraldas\/index.php?rest_route=\/wp\/v2\/posts\/2141","targetHints":{"allow":["GET"]}}],"collection":[{"href":"https:\/\/calderon.gob.ec\/esmeraldas\/index.php?rest_route=\/wp\/v2\/posts"}],"about":[{"href":"https:\/\/calderon.gob.ec\/esmeraldas\/index.php?rest_route=\/wp\/v2\/types\/post"}],"author":[{"embeddable":true,"href":"https:\/\/calderon.gob.ec\/esmeraldas\/index.php?rest_route=\/wp\/v2\/users\/9"}],"replies":[{"embeddable":true,"href":"https:\/\/calderon.gob.ec\/esmeraldas\/index.php?rest_route=%2Fwp%2Fv2%2Fcomments&post=2141"}],"version-history":[{"count":2,"href":"https:\/\/calderon.gob.ec\/esmeraldas\/index.php?rest_route=\/wp\/v2\/posts\/2141\/revisions"}],"predecessor-version":[{"id":2147,"href":"https:\/\/calderon.gob.ec\/esmeraldas\/index.php?rest_route=\/wp\/v2\/posts\/2141\/revisions\/2147"}],"wp:featuredmedia":[{"embeddable":true,"href":"https:\/\/calderon.gob.ec\/esmeraldas\/index.php?rest_route=\/wp\/v2\/media\/2144"}],"wp:attachment":[{"href":"https:\/\/calderon.gob.ec\/esmeraldas\/index.php?rest_route=%2Fwp%2Fv2%2Fmedia&parent=2141"}],"wp:term":[{"taxonomy":"category","embeddable":true,"href":"https:\/\/calderon.gob.ec\/esmeraldas\/index.php?rest_route=%2Fwp%2Fv2%2Fcategories&post=2141"},{"taxonomy":"post_tag","embeddable":true,"href":"https:\/\/calderon.gob.ec\/esmeraldas\/index.php?rest_route=%2Fwp%2Fv2%2Ftags&post=2141"}],"curies":[{"name":"wp","href":"https:\/\/api.w.org\/{rel}","templated":true}]}}