{"id":2123,"date":"2024-05-15T11:43:05","date_gmt":"2024-05-15T15:43:05","guid":{"rendered":"https:\/\/calderon.gob.ec\/esmeraldas\/?p=2123"},"modified":"2025-08-13T11:44:53","modified_gmt":"2025-08-13T15:44:53","slug":"%f0%9f%91%a5%f0%9f%8f%a1-nos-reunimos-con-la-comunidad-de-casa-del-pobre-%f0%9f%93%8a%f0%9f%a4%9d","status":"publish","type":"post","link":"https:\/\/calderon.gob.ec\/esmeraldas\/?p=2123","title":{"rendered":"\ud83d\udc65\ud83c\udfe1 \u00a1Nos reunimos con la comunidad de Casa del Pobre! \ud83d\udcca\ud83e\udd1d"},"content":{"rendered":"<p data-start=\"276\" data-end=\"548\">El GAD Parroquial de Calder\u00f3n contin\u00faa promoviendo una gesti\u00f3n participativa y transparente. En esta ocasi\u00f3n, se llev\u00f3 a cabo una <strong data-start=\"406\" data-end=\"461\">reuni\u00f3n con los moradores del sector Casa del Pobre<\/strong> para <strong data-start=\"467\" data-end=\"541\">socializar las obras planificadas dentro del presupuesto participativo<\/strong>. \ud83c\udfd7\ufe0f\ud83d\udccb<\/p>\n<p data-start=\"550\" data-end=\"737\">Durante el encuentro se presentaron:<br data-start=\"586\" data-end=\"589\" \/>\u2705 Proyectos priorizados por la comunidad<br data-start=\"629\" data-end=\"632\" \/>\u2705 Inversi\u00f3n prevista en infraestructura y servicios<br data-start=\"683\" data-end=\"686\" \/>\u2705 Espacios para di\u00e1logo y retroalimentaci\u00f3n vecinal<\/p>\n<p data-start=\"739\" data-end=\"908\">Este tipo de espacios fortalecen el compromiso entre autoridades y ciudadan\u00eda, y aseguran que <strong data-start=\"833\" data-end=\"903\">las decisiones reflejen las verdaderas necesidades del territorio.<\/strong> \ud83d\udcac\ud83d\udcaa<\/p>\n<p data-start=\"910\" data-end=\"1063\">\ud83d\udc4f Agradecemos a todos los vecinos que participaron activamente y reafirmamos nuestro compromiso de seguir construyendo juntos el desarrollo de Calder\u00f3n.<\/p>\n<p data-start=\"910\" data-end=\"1063\">\n<p data-start=\"910\" data-end=\"1063\"><img loading=\"lazy\" decoding=\"async\" class=\"alignnone size-medium wp-image-2124\" src=\"https:\/\/calderon.gob.ec\/esmeraldas\/wp-content\/uploads\/2025\/08\/IMG20240515170917-550x413.jpg\" alt=\"\" width=\"550\" height=\"413\" srcset=\"https:\/\/calderon.gob.ec\/esmeraldas\/wp-content\/uploads\/2025\/08\/IMG20240515170917-550x413.jpg 550w, https:\/\/calderon.gob.ec\/esmeraldas\/wp-content\/uploads\/2025\/08\/IMG20240515170917-1024x768.jpg 1024w, https:\/\/calderon.gob.ec\/esmeraldas\/wp-content\/uploads\/2025\/08\/IMG20240515170917-768x576.jpg 768w, https:\/\/calderon.gob.ec\/esmeraldas\/wp-content\/uploads\/2025\/08\/IMG20240515170917-1536x1152.jpg 1536w, https:\/\/calderon.gob.ec\/esmeraldas\/wp-content\/uploads\/2025\/08\/IMG20240515170917-2048x1536.jpg 2048w\" sizes=\"auto, (max-width: 550px) 100vw, 550px\" \/><\/p>\n","protected":false},"excerpt":{"rendered":"<p>El GAD Parroquial de Calder\u00f3n contin\u00faa promoviendo una gesti\u00f3n participativa y transparente. En esta ocasi\u00f3n, se llev\u00f3 a cabo una reuni\u00f3n con los moradores del sector Casa del Pobre para socializar las obras planificadas dentro del presupuesto participativo. \ud83c\udfd7\ufe0f\ud83d\udccb Durante el encuentro se presentaron:\u2705 Proyectos priorizados por la comunidad\u2705 Inversi\u00f3n prevista en infraestructura y servicios\u2705&hellip;<\/p>\n","protected":false},"author":9,"featured_media":2124,"comment_status":"closed","ping_status":"closed","sticky":false,"template":"","format":"standard","meta":{"_joinchat":[]},"categories":[1],"tags":[],"class_list":["post-2123","post","type-post","status-publish","format-standard","has-post-thumbnail","hentry","category-noticias","category-1","description-off"],"_links":{"self":[{"href":"https:\/\/calderon.gob.ec\/esmeraldas\/index.php?rest_route=\/wp\/v2\/posts\/2123","targetHints":{"allow":["GET"]}}],"collection":[{"href":"https:\/\/calderon.gob.ec\/esmeraldas\/index.php?rest_route=\/wp\/v2\/posts"}],"about":[{"href":"https:\/\/calderon.gob.ec\/esmeraldas\/index.php?rest_route=\/wp\/v2\/types\/post"}],"author":[{"embeddable":true,"href":"https:\/\/calderon.gob.ec\/esmeraldas\/index.php?rest_route=\/wp\/v2\/users\/9"}],"replies":[{"embeddable":true,"href":"https:\/\/calderon.gob.ec\/esmeraldas\/index.php?rest_route=%2Fwp%2Fv2%2Fcomments&post=2123"}],"version-history":[{"count":2,"href":"https:\/\/calderon.gob.ec\/esmeraldas\/index.php?rest_route=\/wp\/v2\/posts\/2123\/revisions"}],"predecessor-version":[{"id":2127,"href":"https:\/\/calderon.gob.ec\/esmeraldas\/index.php?rest_route=\/wp\/v2\/posts\/2123\/revisions\/2127"}],"wp:featuredmedia":[{"embeddable":true,"href":"https:\/\/calderon.gob.ec\/esmeraldas\/index.php?rest_route=\/wp\/v2\/media\/2124"}],"wp:attachment":[{"href":"https:\/\/calderon.gob.ec\/esmeraldas\/index.php?rest_route=%2Fwp%2Fv2%2Fmedia&parent=2123"}],"wp:term":[{"taxonomy":"category","embeddable":true,"href":"https:\/\/calderon.gob.ec\/esmeraldas\/index.php?rest_route=%2Fwp%2Fv2%2Fcategories&post=2123"},{"taxonomy":"post_tag","embeddable":true,"href":"https:\/\/calderon.gob.ec\/esmeraldas\/index.php?rest_route=%2Fwp%2Fv2%2Ftags&post=2123"}],"curies":[{"name":"wp","href":"https:\/\/api.w.org\/{rel}","templated":true}]}}