{"id":2117,"date":"2024-05-01T11:40:15","date_gmt":"2024-05-01T15:40:15","guid":{"rendered":"https:\/\/calderon.gob.ec\/esmeraldas\/?p=2117"},"modified":"2025-08-13T11:42:51","modified_gmt":"2025-08-13T15:42:51","slug":"%f0%9f%a4%9d%f0%9f%93%8a-avanzamos-con-participacion-ciudadana-%f0%9f%8f%9b%ef%b8%8f%f0%9f%91%a5","status":"publish","type":"post","link":"https:\/\/calderon.gob.ec\/esmeraldas\/?p=2117","title":{"rendered":"\ud83e\udd1d\ud83d\udcca \u00a1Avanzamos con participaci\u00f3n ciudadana! \ud83c\udfdb\ufe0f\ud83d\udc65"},"content":{"rendered":"<p data-start=\"269\" data-end=\"534\">El GAD Parroquial de Calder\u00f3n recibi\u00f3 la <strong data-start=\"310\" data-end=\"383\">visita t\u00e9cnica de los representantes del GAD Municipal de San Lorenzo<\/strong>, quienes llegaron a nuestra parroquia para realizar la <strong data-start=\"439\" data-end=\"486\">socializaci\u00f3n del presupuesto participativo<\/strong> correspondiente al pr\u00f3ximo periodo fiscal. \ud83d\udcc6\ud83d\udccb<\/p>\n<p data-start=\"536\" data-end=\"730\">Durante el encuentro se abordaron temas como:<br data-start=\"581\" data-end=\"584\" \/>\u2705 Priorizaci\u00f3n de obras y proyectos<br data-start=\"619\" data-end=\"622\" \/>\u2705 Inversi\u00f3n en infraestructura y servicios<br data-start=\"664\" data-end=\"667\" \/>\u2705 Participaci\u00f3n activa de la comunidad en la toma de decisiones<\/p>\n<p data-start=\"732\" data-end=\"874\">Este proceso busca <strong data-start=\"751\" data-end=\"869\">garantizar una planificaci\u00f3n transparente y alineada con las verdaderas necesidades de los habitantes de Calder\u00f3n.<\/strong> \ud83d\udcac\ud83d\udca1<\/p>\n<p data-start=\"876\" data-end=\"1007\">\ud83d\ude4c Agradecemos al GAD Municipal por su apertura y a la comunidad por ser parte activa en la construcci\u00f3n del desarrollo parroquial.<\/p>\n<p data-start=\"876\" data-end=\"1007\">\n<p data-start=\"876\" data-end=\"1007\"><img loading=\"lazy\" decoding=\"async\" class=\"alignnone size-medium wp-image-2118\" src=\"https:\/\/calderon.gob.ec\/esmeraldas\/wp-content\/uploads\/2025\/08\/IMG20240501104019-550x413.jpg\" alt=\"\" width=\"550\" height=\"413\" srcset=\"https:\/\/calderon.gob.ec\/esmeraldas\/wp-content\/uploads\/2025\/08\/IMG20240501104019-550x413.jpg 550w, https:\/\/calderon.gob.ec\/esmeraldas\/wp-content\/uploads\/2025\/08\/IMG20240501104019-1024x768.jpg 1024w, https:\/\/calderon.gob.ec\/esmeraldas\/wp-content\/uploads\/2025\/08\/IMG20240501104019-768x576.jpg 768w, https:\/\/calderon.gob.ec\/esmeraldas\/wp-content\/uploads\/2025\/08\/IMG20240501104019-1536x1152.jpg 1536w, https:\/\/calderon.gob.ec\/esmeraldas\/wp-content\/uploads\/2025\/08\/IMG20240501104019-2048x1536.jpg 2048w\" sizes=\"auto, (max-width: 550px) 100vw, 550px\" \/><img loading=\"lazy\" decoding=\"async\" class=\"alignnone size-medium wp-image-2119\" src=\"https:\/\/calderon.gob.ec\/esmeraldas\/wp-content\/uploads\/2025\/08\/IMG20240501104027-550x413.jpg\" alt=\"\" width=\"550\" height=\"413\" srcset=\"https:\/\/calderon.gob.ec\/esmeraldas\/wp-content\/uploads\/2025\/08\/IMG20240501104027-550x413.jpg 550w, https:\/\/calderon.gob.ec\/esmeraldas\/wp-content\/uploads\/2025\/08\/IMG20240501104027-1024x768.jpg 1024w, https:\/\/calderon.gob.ec\/esmeraldas\/wp-content\/uploads\/2025\/08\/IMG20240501104027-768x576.jpg 768w, https:\/\/calderon.gob.ec\/esmeraldas\/wp-content\/uploads\/2025\/08\/IMG20240501104027-1536x1152.jpg 1536w, https:\/\/calderon.gob.ec\/esmeraldas\/wp-content\/uploads\/2025\/08\/IMG20240501104027-2048x1536.jpg 2048w\" sizes=\"auto, (max-width: 550px) 100vw, 550px\" \/><img loading=\"lazy\" decoding=\"async\" class=\"alignnone size-medium wp-image-2120\" src=\"https:\/\/calderon.gob.ec\/esmeraldas\/wp-content\/uploads\/2025\/08\/IMG20240501104037-550x413.jpg\" alt=\"\" width=\"550\" height=\"413\" srcset=\"https:\/\/calderon.gob.ec\/esmeraldas\/wp-content\/uploads\/2025\/08\/IMG20240501104037-550x413.jpg 550w, https:\/\/calderon.gob.ec\/esmeraldas\/wp-content\/uploads\/2025\/08\/IMG20240501104037-1024x768.jpg 1024w, https:\/\/calderon.gob.ec\/esmeraldas\/wp-content\/uploads\/2025\/08\/IMG20240501104037-768x576.jpg 768w, https:\/\/calderon.gob.ec\/esmeraldas\/wp-content\/uploads\/2025\/08\/IMG20240501104037-1536x1152.jpg 1536w, https:\/\/calderon.gob.ec\/esmeraldas\/wp-content\/uploads\/2025\/08\/IMG20240501104037-2048x1536.jpg 2048w\" sizes=\"auto, (max-width: 550px) 100vw, 550px\" \/><\/p>\n","protected":false},"excerpt":{"rendered":"<p>El GAD Parroquial de Calder\u00f3n recibi\u00f3 la visita t\u00e9cnica de los representantes del GAD Municipal de San Lorenzo, quienes llegaron a nuestra parroquia para realizar la socializaci\u00f3n del presupuesto participativo correspondiente al pr\u00f3ximo periodo fiscal. \ud83d\udcc6\ud83d\udccb Durante el encuentro se abordaron temas como:\u2705 Priorizaci\u00f3n de obras y proyectos\u2705 Inversi\u00f3n en infraestructura y servicios\u2705 Participaci\u00f3n activa&hellip;<\/p>\n","protected":false},"author":9,"featured_media":2120,"comment_status":"closed","ping_status":"closed","sticky":false,"template":"","format":"standard","meta":{"_joinchat":[]},"categories":[1],"tags":[],"class_list":["post-2117","post","type-post","status-publish","format-standard","has-post-thumbnail","hentry","category-noticias","category-1","description-off"],"_links":{"self":[{"href":"https:\/\/calderon.gob.ec\/esmeraldas\/index.php?rest_route=\/wp\/v2\/posts\/2117","targetHints":{"allow":["GET"]}}],"collection":[{"href":"https:\/\/calderon.gob.ec\/esmeraldas\/index.php?rest_route=\/wp\/v2\/posts"}],"about":[{"href":"https:\/\/calderon.gob.ec\/esmeraldas\/index.php?rest_route=\/wp\/v2\/types\/post"}],"author":[{"embeddable":true,"href":"https:\/\/calderon.gob.ec\/esmeraldas\/index.php?rest_route=\/wp\/v2\/users\/9"}],"replies":[{"embeddable":true,"href":"https:\/\/calderon.gob.ec\/esmeraldas\/index.php?rest_route=%2Fwp%2Fv2%2Fcomments&post=2117"}],"version-history":[{"count":2,"href":"https:\/\/calderon.gob.ec\/esmeraldas\/index.php?rest_route=\/wp\/v2\/posts\/2117\/revisions"}],"predecessor-version":[{"id":2122,"href":"https:\/\/calderon.gob.ec\/esmeraldas\/index.php?rest_route=\/wp\/v2\/posts\/2117\/revisions\/2122"}],"wp:featuredmedia":[{"embeddable":true,"href":"https:\/\/calderon.gob.ec\/esmeraldas\/index.php?rest_route=\/wp\/v2\/media\/2120"}],"wp:attachment":[{"href":"https:\/\/calderon.gob.ec\/esmeraldas\/index.php?rest_route=%2Fwp%2Fv2%2Fmedia&parent=2117"}],"wp:term":[{"taxonomy":"category","embeddable":true,"href":"https:\/\/calderon.gob.ec\/esmeraldas\/index.php?rest_route=%2Fwp%2Fv2%2Fcategories&post=2117"},{"taxonomy":"post_tag","embeddable":true,"href":"https:\/\/calderon.gob.ec\/esmeraldas\/index.php?rest_route=%2Fwp%2Fv2%2Ftags&post=2117"}],"curies":[{"name":"wp","href":"https:\/\/api.w.org\/{rel}","templated":true}]}}