{"id":2083,"date":"2024-04-25T11:26:52","date_gmt":"2024-04-25T15:26:52","guid":{"rendered":"https:\/\/calderon.gob.ec\/esmeraldas\/?p=2083"},"modified":"2025-08-13T11:29:39","modified_gmt":"2025-08-13T15:29:39","slug":"%f0%9f%8c%b3%f0%9f%a7%b9-nuestro-parque-central-esta-mas-limpio-y-bonito-que-nunca-%f0%9f%a7%bc%f0%9f%8c%bc","status":"publish","type":"post","link":"https:\/\/calderon.gob.ec\/esmeraldas\/?p=2083","title":{"rendered":"\ud83c\udf33\ud83e\uddf9 \u00a1Nuestro parque central est\u00e1 m\u00e1s limpio y bonito que nunca! \ud83e\uddfc\ud83c\udf3c"},"content":{"rendered":"<p data-start=\"220\" data-end=\"411\">Gracias a la iniciativa del GAD Parroquial de Calder\u00f3n y la participaci\u00f3n activa de la comunidad, realizamos con \u00e9xito una <strong data-start=\"343\" data-end=\"385\">minga de limpieza en el parque central<\/strong> de nuestra parroquia. \ud83d\udcaa\u2728<\/p>\n<p data-start=\"413\" data-end=\"591\">Durante la jornada se realizaron actividades como:<br data-start=\"463\" data-end=\"466\" \/>\u2705 Barrido y recolecci\u00f3n de desechos<br data-start=\"501\" data-end=\"504\" \/>\u2705 Limpieza de bancas, juegos y \u00e1reas verdes<br data-start=\"547\" data-end=\"550\" \/>\u2705 Embellecimiento de los espacios comunes<\/p>\n<p data-start=\"593\" data-end=\"736\">Esta acci\u00f3n refleja el compromiso de todos por mantener <strong data-start=\"649\" data-end=\"727\">espacios p\u00fablicos limpios, seguros y agradables para compartir en familia.<\/strong> \ud83e\uddd2\ud83d\udc75\ud83c\udffd\ud83d\udc15<\/p>\n<p data-start=\"738\" data-end=\"810\">\ud83d\ude4c \u00a1Gracias a todos los que se sumaron con entusiasmo y responsabilidad!<\/p>\n<p data-start=\"738\" data-end=\"810\">\n<p data-start=\"738\" data-end=\"810\"><img loading=\"lazy\" decoding=\"async\" class=\"alignnone size-medium wp-image-2084\" src=\"https:\/\/calderon.gob.ec\/esmeraldas\/wp-content\/uploads\/2025\/08\/IMG20240425090543-550x413.jpg\" alt=\"\" width=\"550\" height=\"413\" srcset=\"https:\/\/calderon.gob.ec\/esmeraldas\/wp-content\/uploads\/2025\/08\/IMG20240425090543-550x413.jpg 550w, https:\/\/calderon.gob.ec\/esmeraldas\/wp-content\/uploads\/2025\/08\/IMG20240425090543-1024x768.jpg 1024w, https:\/\/calderon.gob.ec\/esmeraldas\/wp-content\/uploads\/2025\/08\/IMG20240425090543-768x576.jpg 768w, https:\/\/calderon.gob.ec\/esmeraldas\/wp-content\/uploads\/2025\/08\/IMG20240425090543-1536x1152.jpg 1536w, https:\/\/calderon.gob.ec\/esmeraldas\/wp-content\/uploads\/2025\/08\/IMG20240425090543-2048x1536.jpg 2048w\" sizes=\"auto, (max-width: 550px) 100vw, 550px\" \/><\/p>\n<p data-start=\"738\" data-end=\"810\"><img loading=\"lazy\" decoding=\"async\" class=\"alignnone size-medium wp-image-2085\" src=\"https:\/\/calderon.gob.ec\/esmeraldas\/wp-content\/uploads\/2025\/08\/IMG20240425090547-550x413.jpg\" alt=\"\" width=\"550\" height=\"413\" srcset=\"https:\/\/calderon.gob.ec\/esmeraldas\/wp-content\/uploads\/2025\/08\/IMG20240425090547-550x413.jpg 550w, https:\/\/calderon.gob.ec\/esmeraldas\/wp-content\/uploads\/2025\/08\/IMG20240425090547-1024x768.jpg 1024w, https:\/\/calderon.gob.ec\/esmeraldas\/wp-content\/uploads\/2025\/08\/IMG20240425090547-768x576.jpg 768w, https:\/\/calderon.gob.ec\/esmeraldas\/wp-content\/uploads\/2025\/08\/IMG20240425090547-1536x1152.jpg 1536w, https:\/\/calderon.gob.ec\/esmeraldas\/wp-content\/uploads\/2025\/08\/IMG20240425090547-2048x1536.jpg 2048w\" sizes=\"auto, (max-width: 550px) 100vw, 550px\" \/><\/p>\n<p data-start=\"738\" data-end=\"810\"><img loading=\"lazy\" decoding=\"async\" class=\"alignnone size-medium wp-image-2086\" src=\"https:\/\/calderon.gob.ec\/esmeraldas\/wp-content\/uploads\/2025\/08\/IMG20240425090600-550x413.jpg\" alt=\"\" width=\"550\" height=\"413\" srcset=\"https:\/\/calderon.gob.ec\/esmeraldas\/wp-content\/uploads\/2025\/08\/IMG20240425090600-550x413.jpg 550w, https:\/\/calderon.gob.ec\/esmeraldas\/wp-content\/uploads\/2025\/08\/IMG20240425090600-1024x768.jpg 1024w, https:\/\/calderon.gob.ec\/esmeraldas\/wp-content\/uploads\/2025\/08\/IMG20240425090600-768x576.jpg 768w, https:\/\/calderon.gob.ec\/esmeraldas\/wp-content\/uploads\/2025\/08\/IMG20240425090600-1536x1152.jpg 1536w, https:\/\/calderon.gob.ec\/esmeraldas\/wp-content\/uploads\/2025\/08\/IMG20240425090600-2048x1536.jpg 2048w\" sizes=\"auto, (max-width: 550px) 100vw, 550px\" \/><\/p>\n<p data-start=\"738\" data-end=\"810\"><img loading=\"lazy\" decoding=\"async\" class=\"alignnone size-medium wp-image-2087\" src=\"https:\/\/calderon.gob.ec\/esmeraldas\/wp-content\/uploads\/2025\/08\/IMG20240425090608-550x413.jpg\" alt=\"\" width=\"550\" height=\"413\" srcset=\"https:\/\/calderon.gob.ec\/esmeraldas\/wp-content\/uploads\/2025\/08\/IMG20240425090608-550x413.jpg 550w, https:\/\/calderon.gob.ec\/esmeraldas\/wp-content\/uploads\/2025\/08\/IMG20240425090608-1024x768.jpg 1024w, https:\/\/calderon.gob.ec\/esmeraldas\/wp-content\/uploads\/2025\/08\/IMG20240425090608-768x576.jpg 768w, https:\/\/calderon.gob.ec\/esmeraldas\/wp-content\/uploads\/2025\/08\/IMG20240425090608-1536x1152.jpg 1536w, https:\/\/calderon.gob.ec\/esmeraldas\/wp-content\/uploads\/2025\/08\/IMG20240425090608-2048x1536.jpg 2048w\" sizes=\"auto, (max-width: 550px) 100vw, 550px\" \/><br \/>\n<img loading=\"lazy\" decoding=\"async\" class=\"alignnone size-medium wp-image-2088\" src=\"https:\/\/calderon.gob.ec\/esmeraldas\/wp-content\/uploads\/2025\/08\/IMG20240425090702-550x413.jpg\" alt=\"\" width=\"550\" height=\"413\" srcset=\"https:\/\/calderon.gob.ec\/esmeraldas\/wp-content\/uploads\/2025\/08\/IMG20240425090702-550x413.jpg 550w, https:\/\/calderon.gob.ec\/esmeraldas\/wp-content\/uploads\/2025\/08\/IMG20240425090702-1024x768.jpg 1024w, https:\/\/calderon.gob.ec\/esmeraldas\/wp-content\/uploads\/2025\/08\/IMG20240425090702-768x576.jpg 768w, https:\/\/calderon.gob.ec\/esmeraldas\/wp-content\/uploads\/2025\/08\/IMG20240425090702-1536x1152.jpg 1536w, https:\/\/calderon.gob.ec\/esmeraldas\/wp-content\/uploads\/2025\/08\/IMG20240425090702-2048x1536.jpg 2048w\" sizes=\"auto, (max-width: 550px) 100vw, 550px\" \/><\/p>\n<p data-start=\"738\" data-end=\"810\"><img loading=\"lazy\" decoding=\"async\" class=\"alignnone size-medium wp-image-2089\" src=\"https:\/\/calderon.gob.ec\/esmeraldas\/wp-content\/uploads\/2025\/08\/IMG20240425090707-550x413.jpg\" alt=\"\" width=\"550\" height=\"413\" srcset=\"https:\/\/calderon.gob.ec\/esmeraldas\/wp-content\/uploads\/2025\/08\/IMG20240425090707-550x413.jpg 550w, https:\/\/calderon.gob.ec\/esmeraldas\/wp-content\/uploads\/2025\/08\/IMG20240425090707-1024x768.jpg 1024w, https:\/\/calderon.gob.ec\/esmeraldas\/wp-content\/uploads\/2025\/08\/IMG20240425090707-768x576.jpg 768w, https:\/\/calderon.gob.ec\/esmeraldas\/wp-content\/uploads\/2025\/08\/IMG20240425090707-1536x1152.jpg 1536w, https:\/\/calderon.gob.ec\/esmeraldas\/wp-content\/uploads\/2025\/08\/IMG20240425090707-2048x1536.jpg 2048w\" sizes=\"auto, (max-width: 550px) 100vw, 550px\" \/><\/p>\n","protected":false},"excerpt":{"rendered":"<p>Gracias a la iniciativa del GAD Parroquial de Calder\u00f3n y la participaci\u00f3n activa de la comunidad, realizamos con \u00e9xito una minga de limpieza en el parque central de nuestra parroquia. \ud83d\udcaa\u2728 Durante la jornada se realizaron actividades como:\u2705 Barrido y recolecci\u00f3n de desechos\u2705 Limpieza de bancas, juegos y \u00e1reas verdes\u2705 Embellecimiento de los espacios comunes&hellip;<\/p>\n","protected":false},"author":9,"featured_media":2085,"comment_status":"closed","ping_status":"closed","sticky":false,"template":"","format":"standard","meta":{"_joinchat":[]},"categories":[1],"tags":[],"class_list":["post-2083","post","type-post","status-publish","format-standard","has-post-thumbnail","hentry","category-noticias","category-1","description-off"],"_links":{"self":[{"href":"https:\/\/calderon.gob.ec\/esmeraldas\/index.php?rest_route=\/wp\/v2\/posts\/2083","targetHints":{"allow":["GET"]}}],"collection":[{"href":"https:\/\/calderon.gob.ec\/esmeraldas\/index.php?rest_route=\/wp\/v2\/posts"}],"about":[{"href":"https:\/\/calderon.gob.ec\/esmeraldas\/index.php?rest_route=\/wp\/v2\/types\/post"}],"author":[{"embeddable":true,"href":"https:\/\/calderon.gob.ec\/esmeraldas\/index.php?rest_route=\/wp\/v2\/users\/9"}],"replies":[{"embeddable":true,"href":"https:\/\/calderon.gob.ec\/esmeraldas\/index.php?rest_route=%2Fwp%2Fv2%2Fcomments&post=2083"}],"version-history":[{"count":2,"href":"https:\/\/calderon.gob.ec\/esmeraldas\/index.php?rest_route=\/wp\/v2\/posts\/2083\/revisions"}],"predecessor-version":[{"id":2091,"href":"https:\/\/calderon.gob.ec\/esmeraldas\/index.php?rest_route=\/wp\/v2\/posts\/2083\/revisions\/2091"}],"wp:featuredmedia":[{"embeddable":true,"href":"https:\/\/calderon.gob.ec\/esmeraldas\/index.php?rest_route=\/wp\/v2\/media\/2085"}],"wp:attachment":[{"href":"https:\/\/calderon.gob.ec\/esmeraldas\/index.php?rest_route=%2Fwp%2Fv2%2Fmedia&parent=2083"}],"wp:term":[{"taxonomy":"category","embeddable":true,"href":"https:\/\/calderon.gob.ec\/esmeraldas\/index.php?rest_route=%2Fwp%2Fv2%2Fcategories&post=2083"},{"taxonomy":"post_tag","embeddable":true,"href":"https:\/\/calderon.gob.ec\/esmeraldas\/index.php?rest_route=%2Fwp%2Fv2%2Ftags&post=2083"}],"curies":[{"name":"wp","href":"https:\/\/api.w.org\/{rel}","templated":true}]}}