{"id":2072,"date":"2024-04-17T11:23:44","date_gmt":"2024-04-17T15:23:44","guid":{"rendered":"https:\/\/calderon.gob.ec\/esmeraldas\/?p=2072"},"modified":"2025-08-13T11:23:58","modified_gmt":"2025-08-13T15:23:58","slug":"%f0%9f%91%a9%f0%9f%8d%b3%f0%9f%8d%bd%ef%b8%8f-la-cocina-del-cdi-ya-esta-lista-y-funcionando-%f0%9f%8d%bd%ef%b8%8f%f0%9f%91%a9%f0%9f%8d%b3","status":"publish","type":"post","link":"https:\/\/calderon.gob.ec\/esmeraldas\/?p=2072","title":{"rendered":"\ud83d\udc69\u200d\ud83c\udf73\ud83c\udf7d\ufe0f \u00a1La cocina del CDI ya est\u00e1 lista y funcionando! \ud83c\udf7d\ufe0f\ud83d\udc69\u200d\ud83c\udf73"},"content":{"rendered":"<p data-start=\"257\" data-end=\"572\">\u00a1Buenas noticias para las familias de Calder\u00f3n!<br data-start=\"304\" data-end=\"307\" \/>Gracias al trabajo del GAD Parroquial de Calder\u00f3n, <strong data-start=\"358\" data-end=\"466\">la cocina del Centro de Desarrollo Infantil (CDI) ha sido rehabilitada y ya est\u00e1 en pleno funcionamiento<\/strong>, garantizando una alimentaci\u00f3n segura, nutritiva y preparada con amor para nuestros ni\u00f1os y ni\u00f1as. \ud83e\udd66\ud83c\udf72\ud83d\udc76<\/p>\n<p data-start=\"574\" data-end=\"661\">\u2705 Infraestructura mejorada<br data-start=\"600\" data-end=\"603\" \/>\u2705 Equipamiento adecuado<br data-start=\"626\" data-end=\"629\" \/>\u2705 Condiciones sanitarias \u00f3ptimas<\/p>\n<p data-start=\"663\" data-end=\"824\">Esta rehabilitaci\u00f3n no solo mejora el servicio diario, sino que tambi\u00e9n <strong data-start=\"735\" data-end=\"824\">refuerza el compromiso con el bienestar y desarrollo integral de la primera infancia.<\/strong><\/p>\n<p data-start=\"826\" data-end=\"990\">\ud83d\udc4f Gracias al equipo t\u00e9cnico, al personal del CDI y a todos los que hicieron posible esta mejora. \u00a1Seguimos trabajando por una ni\u00f1ez con derechos y cuidados dignos!<\/p>\n<p data-start=\"826\" data-end=\"990\"><img loading=\"lazy\" decoding=\"async\" class=\"alignnone size-medium wp-image-2073\" src=\"https:\/\/calderon.gob.ec\/esmeraldas\/wp-content\/uploads\/2025\/08\/IMG20240417090538-550x413.jpg\" alt=\"\" width=\"550\" height=\"413\" srcset=\"https:\/\/calderon.gob.ec\/esmeraldas\/wp-content\/uploads\/2025\/08\/IMG20240417090538-550x413.jpg 550w, https:\/\/calderon.gob.ec\/esmeraldas\/wp-content\/uploads\/2025\/08\/IMG20240417090538-1024x768.jpg 1024w, https:\/\/calderon.gob.ec\/esmeraldas\/wp-content\/uploads\/2025\/08\/IMG20240417090538-768x576.jpg 768w, https:\/\/calderon.gob.ec\/esmeraldas\/wp-content\/uploads\/2025\/08\/IMG20240417090538-1536x1152.jpg 1536w, https:\/\/calderon.gob.ec\/esmeraldas\/wp-content\/uploads\/2025\/08\/IMG20240417090538-2048x1536.jpg 2048w\" sizes=\"auto, (max-width: 550px) 100vw, 550px\" \/><\/p>\n","protected":false},"excerpt":{"rendered":"<p>\u00a1Buenas noticias para las familias de Calder\u00f3n!Gracias al trabajo del GAD Parroquial de Calder\u00f3n, la cocina del Centro de Desarrollo Infantil (CDI) ha sido rehabilitada y ya est\u00e1 en pleno funcionamiento, garantizando una alimentaci\u00f3n segura, nutritiva y preparada con amor para nuestros ni\u00f1os y ni\u00f1as. \ud83e\udd66\ud83c\udf72\ud83d\udc76 \u2705 Infraestructura mejorada\u2705 Equipamiento adecuado\u2705 Condiciones sanitarias \u00f3ptimas Esta&hellip;<\/p>\n","protected":false},"author":9,"featured_media":2073,"comment_status":"closed","ping_status":"closed","sticky":false,"template":"","format":"standard","meta":{"_joinchat":[]},"categories":[1],"tags":[],"class_list":["post-2072","post","type-post","status-publish","format-standard","has-post-thumbnail","hentry","category-noticias","category-1","description-off"],"_links":{"self":[{"href":"https:\/\/calderon.gob.ec\/esmeraldas\/index.php?rest_route=\/wp\/v2\/posts\/2072","targetHints":{"allow":["GET"]}}],"collection":[{"href":"https:\/\/calderon.gob.ec\/esmeraldas\/index.php?rest_route=\/wp\/v2\/posts"}],"about":[{"href":"https:\/\/calderon.gob.ec\/esmeraldas\/index.php?rest_route=\/wp\/v2\/types\/post"}],"author":[{"embeddable":true,"href":"https:\/\/calderon.gob.ec\/esmeraldas\/index.php?rest_route=\/wp\/v2\/users\/9"}],"replies":[{"embeddable":true,"href":"https:\/\/calderon.gob.ec\/esmeraldas\/index.php?rest_route=%2Fwp%2Fv2%2Fcomments&post=2072"}],"version-history":[{"count":3,"href":"https:\/\/calderon.gob.ec\/esmeraldas\/index.php?rest_route=\/wp\/v2\/posts\/2072\/revisions"}],"predecessor-version":[{"id":2076,"href":"https:\/\/calderon.gob.ec\/esmeraldas\/index.php?rest_route=\/wp\/v2\/posts\/2072\/revisions\/2076"}],"wp:featuredmedia":[{"embeddable":true,"href":"https:\/\/calderon.gob.ec\/esmeraldas\/index.php?rest_route=\/wp\/v2\/media\/2073"}],"wp:attachment":[{"href":"https:\/\/calderon.gob.ec\/esmeraldas\/index.php?rest_route=%2Fwp%2Fv2%2Fmedia&parent=2072"}],"wp:term":[{"taxonomy":"category","embeddable":true,"href":"https:\/\/calderon.gob.ec\/esmeraldas\/index.php?rest_route=%2Fwp%2Fv2%2Fcategories&post=2072"},{"taxonomy":"post_tag","embeddable":true,"href":"https:\/\/calderon.gob.ec\/esmeraldas\/index.php?rest_route=%2Fwp%2Fv2%2Ftags&post=2072"}],"curies":[{"name":"wp","href":"https:\/\/api.w.org\/{rel}","templated":true}]}}