{"id":2063,"date":"2024-04-14T11:19:51","date_gmt":"2024-04-14T15:19:51","guid":{"rendered":"https:\/\/calderon.gob.ec\/esmeraldas\/?p=2063"},"modified":"2025-08-13T11:21:36","modified_gmt":"2025-08-13T15:21:36","slug":"%f0%9f%8e%89%f0%9f%91%b6-el-cdi-de-calderon-ya-esta-en-funcionamiento-%f0%9f%91%b6%f0%9f%8e%89","status":"publish","type":"post","link":"https:\/\/calderon.gob.ec\/esmeraldas\/?p=2063","title":{"rendered":"\ud83c\udf89\ud83d\udc76 \u00a1El CDI de Calder\u00f3n ya est\u00e1 en funcionamiento! \ud83d\udc76\ud83c\udf89"},"content":{"rendered":"<p data-start=\"203\" data-end=\"443\">\u00a1Buenas noticias para nuestra comunidad!<br data-start=\"243\" data-end=\"246\" \/>El Centro de Desarrollo Infantil (CDI) de Calder\u00f3n abri\u00f3 oficialmente sus puertas para recibir a los ni\u00f1os y ni\u00f1as de la parroquia, brind\u00e1ndoles un espacio seguro, educativo y lleno de cari\u00f1o. \ud83c\udfeb\u2764\ufe0f<\/p>\n<p data-start=\"445\" data-end=\"650\">Desde el GAD Parroquial de Calder\u00f3n trabajamos para garantizar una <strong data-start=\"512\" data-end=\"546\">atenci\u00f3n integral y de calidad<\/strong>, con profesionales capacitados que acompa\u00f1ar\u00e1n el crecimiento y desarrollo de los m\u00e1s peque\u00f1os. \ud83d\udc69\u200d\ud83c\udfeb\ud83e\uddf8<\/p>\n<p data-start=\"652\" data-end=\"783\">\ud83d\ude4c Gracias a la gesti\u00f3n conjunta y al compromiso de todos, hoy celebramos este gran paso por el bienestar de la ni\u00f1ez calderonense.<\/p>\n<p data-start=\"652\" data-end=\"783\">\ud83d\udccd \u00a1El CDI ya est\u00e1 en marcha y la alegr\u00eda se siente en cada rinc\u00f3n!<\/p>\n<p data-start=\"785\" data-end=\"852\"><img loading=\"lazy\" decoding=\"async\" class=\"size-medium wp-image-2064 aligncenter\" src=\"https:\/\/calderon.gob.ec\/esmeraldas\/wp-content\/uploads\/2025\/08\/IMG20240417084931-550x413.jpg\" alt=\"\" width=\"550\" height=\"413\" srcset=\"https:\/\/calderon.gob.ec\/esmeraldas\/wp-content\/uploads\/2025\/08\/IMG20240417084931-550x413.jpg 550w, https:\/\/calderon.gob.ec\/esmeraldas\/wp-content\/uploads\/2025\/08\/IMG20240417084931-1024x768.jpg 1024w, https:\/\/calderon.gob.ec\/esmeraldas\/wp-content\/uploads\/2025\/08\/IMG20240417084931-768x576.jpg 768w, https:\/\/calderon.gob.ec\/esmeraldas\/wp-content\/uploads\/2025\/08\/IMG20240417084931-1536x1152.jpg 1536w, https:\/\/calderon.gob.ec\/esmeraldas\/wp-content\/uploads\/2025\/08\/IMG20240417084931-2048x1536.jpg 2048w\" sizes=\"auto, (max-width: 550px) 100vw, 550px\" \/><\/p>\n<p data-start=\"785\" data-end=\"852\"><img loading=\"lazy\" decoding=\"async\" class=\"size-medium wp-image-2065 aligncenter\" src=\"https:\/\/calderon.gob.ec\/esmeraldas\/wp-content\/uploads\/2025\/08\/IMG20240417085858-550x733.jpg\" alt=\"\" width=\"550\" height=\"733\" srcset=\"https:\/\/calderon.gob.ec\/esmeraldas\/wp-content\/uploads\/2025\/08\/IMG20240417085858-550x733.jpg 550w, https:\/\/calderon.gob.ec\/esmeraldas\/wp-content\/uploads\/2025\/08\/IMG20240417085858-768x1024.jpg 768w, https:\/\/calderon.gob.ec\/esmeraldas\/wp-content\/uploads\/2025\/08\/IMG20240417085858-1152x1536.jpg 1152w, https:\/\/calderon.gob.ec\/esmeraldas\/wp-content\/uploads\/2025\/08\/IMG20240417085858-1536x2048.jpg 1536w, https:\/\/calderon.gob.ec\/esmeraldas\/wp-content\/uploads\/2025\/08\/IMG20240417085858-scaled.jpg 1920w\" sizes=\"auto, (max-width: 550px) 100vw, 550px\" \/><\/p>\n<p data-start=\"785\" data-end=\"852\"><img loading=\"lazy\" decoding=\"async\" class=\"size-medium wp-image-2066 aligncenter\" src=\"https:\/\/calderon.gob.ec\/esmeraldas\/wp-content\/uploads\/2025\/08\/IMG20240417085906-550x413.jpg\" alt=\"\" width=\"550\" height=\"413\" srcset=\"https:\/\/calderon.gob.ec\/esmeraldas\/wp-content\/uploads\/2025\/08\/IMG20240417085906-550x413.jpg 550w, https:\/\/calderon.gob.ec\/esmeraldas\/wp-content\/uploads\/2025\/08\/IMG20240417085906-1024x768.jpg 1024w, https:\/\/calderon.gob.ec\/esmeraldas\/wp-content\/uploads\/2025\/08\/IMG20240417085906-768x576.jpg 768w, https:\/\/calderon.gob.ec\/esmeraldas\/wp-content\/uploads\/2025\/08\/IMG20240417085906-1536x1152.jpg 1536w, https:\/\/calderon.gob.ec\/esmeraldas\/wp-content\/uploads\/2025\/08\/IMG20240417085906-2048x1536.jpg 2048w\" sizes=\"auto, (max-width: 550px) 100vw, 550px\" \/><\/p>\n<p data-start=\"785\" data-end=\"852\"><img loading=\"lazy\" decoding=\"async\" class=\"size-medium wp-image-2067 aligncenter\" src=\"https:\/\/calderon.gob.ec\/esmeraldas\/wp-content\/uploads\/2025\/08\/IMG20240417085911-550x413.jpg\" alt=\"\" width=\"550\" height=\"413\" srcset=\"https:\/\/calderon.gob.ec\/esmeraldas\/wp-content\/uploads\/2025\/08\/IMG20240417085911-550x413.jpg 550w, https:\/\/calderon.gob.ec\/esmeraldas\/wp-content\/uploads\/2025\/08\/IMG20240417085911-1024x768.jpg 1024w, https:\/\/calderon.gob.ec\/esmeraldas\/wp-content\/uploads\/2025\/08\/IMG20240417085911-768x576.jpg 768w, https:\/\/calderon.gob.ec\/esmeraldas\/wp-content\/uploads\/2025\/08\/IMG20240417085911-1536x1152.jpg 1536w, https:\/\/calderon.gob.ec\/esmeraldas\/wp-content\/uploads\/2025\/08\/IMG20240417085911-2048x1536.jpg 2048w\" sizes=\"auto, (max-width: 550px) 100vw, 550px\" \/><\/p>\n<p data-start=\"785\" data-end=\"852\"><img loading=\"lazy\" decoding=\"async\" class=\"size-medium wp-image-2068 aligncenter\" src=\"https:\/\/calderon.gob.ec\/esmeraldas\/wp-content\/uploads\/2025\/08\/IMG20240417085929-550x413.jpg\" alt=\"\" width=\"550\" height=\"413\" srcset=\"https:\/\/calderon.gob.ec\/esmeraldas\/wp-content\/uploads\/2025\/08\/IMG20240417085929-550x413.jpg 550w, https:\/\/calderon.gob.ec\/esmeraldas\/wp-content\/uploads\/2025\/08\/IMG20240417085929-1024x768.jpg 1024w, https:\/\/calderon.gob.ec\/esmeraldas\/wp-content\/uploads\/2025\/08\/IMG20240417085929-768x576.jpg 768w, https:\/\/calderon.gob.ec\/esmeraldas\/wp-content\/uploads\/2025\/08\/IMG20240417085929-1536x1152.jpg 1536w, https:\/\/calderon.gob.ec\/esmeraldas\/wp-content\/uploads\/2025\/08\/IMG20240417085929-2048x1536.jpg 2048w\" sizes=\"auto, (max-width: 550px) 100vw, 550px\" \/><\/p>\n<p data-start=\"785\" data-end=\"852\"><img loading=\"lazy\" decoding=\"async\" class=\"size-medium wp-image-2069 aligncenter\" src=\"https:\/\/calderon.gob.ec\/esmeraldas\/wp-content\/uploads\/2025\/08\/IMG20240417085933-550x413.jpg\" alt=\"\" width=\"550\" height=\"413\" srcset=\"https:\/\/calderon.gob.ec\/esmeraldas\/wp-content\/uploads\/2025\/08\/IMG20240417085933-550x413.jpg 550w, https:\/\/calderon.gob.ec\/esmeraldas\/wp-content\/uploads\/2025\/08\/IMG20240417085933-1024x768.jpg 1024w, https:\/\/calderon.gob.ec\/esmeraldas\/wp-content\/uploads\/2025\/08\/IMG20240417085933-768x576.jpg 768w, https:\/\/calderon.gob.ec\/esmeraldas\/wp-content\/uploads\/2025\/08\/IMG20240417085933-1536x1152.jpg 1536w, https:\/\/calderon.gob.ec\/esmeraldas\/wp-content\/uploads\/2025\/08\/IMG20240417085933-2048x1536.jpg 2048w\" sizes=\"auto, (max-width: 550px) 100vw, 550px\" \/><\/p>\n<p data-start=\"785\" data-end=\"852\">\n","protected":false},"excerpt":{"rendered":"<p>\u00a1Buenas noticias para nuestra comunidad!El Centro de Desarrollo Infantil (CDI) de Calder\u00f3n abri\u00f3 oficialmente sus puertas para recibir a los ni\u00f1os y ni\u00f1as de la parroquia, brind\u00e1ndoles un espacio seguro, educativo y lleno de cari\u00f1o. \ud83c\udfeb\u2764\ufe0f Desde el GAD Parroquial de Calder\u00f3n trabajamos para garantizar una atenci\u00f3n integral y de calidad, con profesionales capacitados que&hellip;<\/p>\n","protected":false},"author":9,"featured_media":2065,"comment_status":"closed","ping_status":"closed","sticky":false,"template":"","format":"standard","meta":{"_joinchat":[]},"categories":[1],"tags":[],"class_list":["post-2063","post","type-post","status-publish","format-standard","has-post-thumbnail","hentry","category-noticias","category-1","description-off"],"_links":{"self":[{"href":"https:\/\/calderon.gob.ec\/esmeraldas\/index.php?rest_route=\/wp\/v2\/posts\/2063","targetHints":{"allow":["GET"]}}],"collection":[{"href":"https:\/\/calderon.gob.ec\/esmeraldas\/index.php?rest_route=\/wp\/v2\/posts"}],"about":[{"href":"https:\/\/calderon.gob.ec\/esmeraldas\/index.php?rest_route=\/wp\/v2\/types\/post"}],"author":[{"embeddable":true,"href":"https:\/\/calderon.gob.ec\/esmeraldas\/index.php?rest_route=\/wp\/v2\/users\/9"}],"replies":[{"embeddable":true,"href":"https:\/\/calderon.gob.ec\/esmeraldas\/index.php?rest_route=%2Fwp%2Fv2%2Fcomments&post=2063"}],"version-history":[{"count":2,"href":"https:\/\/calderon.gob.ec\/esmeraldas\/index.php?rest_route=\/wp\/v2\/posts\/2063\/revisions"}],"predecessor-version":[{"id":2071,"href":"https:\/\/calderon.gob.ec\/esmeraldas\/index.php?rest_route=\/wp\/v2\/posts\/2063\/revisions\/2071"}],"wp:featuredmedia":[{"embeddable":true,"href":"https:\/\/calderon.gob.ec\/esmeraldas\/index.php?rest_route=\/wp\/v2\/media\/2065"}],"wp:attachment":[{"href":"https:\/\/calderon.gob.ec\/esmeraldas\/index.php?rest_route=%2Fwp%2Fv2%2Fmedia&parent=2063"}],"wp:term":[{"taxonomy":"category","embeddable":true,"href":"https:\/\/calderon.gob.ec\/esmeraldas\/index.php?rest_route=%2Fwp%2Fv2%2Fcategories&post=2063"},{"taxonomy":"post_tag","embeddable":true,"href":"https:\/\/calderon.gob.ec\/esmeraldas\/index.php?rest_route=%2Fwp%2Fv2%2Ftags&post=2063"}],"curies":[{"name":"wp","href":"https:\/\/api.w.org\/{rel}","templated":true}]}}