{"id":2053,"date":"2024-04-10T17:23:07","date_gmt":"2024-04-10T21:23:07","guid":{"rendered":"https:\/\/calderon.gob.ec\/esmeraldas\/?p=2053"},"modified":"2025-08-01T17:23:27","modified_gmt":"2025-08-01T21:23:27","slug":"%f0%9f%93%9a%f0%9f%91%a9%f0%9f%8f%ab-capacitacion-para-nuestras-educadoras-del-cdi-%f0%9f%91%a9%f0%9f%8f%ab%f0%9f%93%9a","status":"publish","type":"post","link":"https:\/\/calderon.gob.ec\/esmeraldas\/?p=2053","title":{"rendered":"\ud83d\udcda\ud83d\udc69\u200d\ud83c\udfeb Capacitaci\u00f3n para nuestras educadoras del CDI \ud83d\udc69\u200d\ud83c\udfeb\ud83d\udcda"},"content":{"rendered":"<p data-start=\"215\" data-end=\"557\">\u00a1Seguimos fortaleciendo el trabajo por la ni\u00f1ez! \ud83d\ude4c<br data-start=\"266\" data-end=\"269\" \/>El GAD Parroquial de Calder\u00f3n realiz\u00f3 una jornada de <strong data-start=\"322\" data-end=\"404\">capacitaci\u00f3n dirigida a las educadoras del Centro de Desarrollo Infantil (CDI)<\/strong> con el objetivo de reforzar sus conocimientos y brindar herramientas actualizadas para una atenci\u00f3n integral y de calidad a nuestros ni\u00f1os y ni\u00f1as. \ud83d\udc76\u2764\ufe0f<\/p>\n<p data-start=\"559\" data-end=\"734\">Durante el encuentro se abordaron temas clave como:<br data-start=\"610\" data-end=\"613\" \/>\ud83c\udf93 Desarrollo infantil<br data-start=\"635\" data-end=\"638\" \/>\ud83e\udde0 Estimulaci\u00f3n temprana<br data-start=\"662\" data-end=\"665\" \/>\ud83e\udd1d Trabajo en comunidad<br data-start=\"688\" data-end=\"691\" \/>\ud83d\udccb Normativa y buenas pr\u00e1cticas pedag\u00f3gicas<\/p>\n<p data-start=\"736\" data-end=\"881\">\ud83d\udcac Apostamos por la formaci\u00f3n continua de nuestro talento humano para garantizar un servicio educativo con calidez, profesionalismo y compromiso.<\/p>\n<p data-start=\"883\" data-end=\"976\"><img loading=\"lazy\" decoding=\"async\" class=\"size-medium wp-image-2054 aligncenter\" src=\"https:\/\/calderon.gob.ec\/esmeraldas\/wp-content\/uploads\/2025\/08\/IMG20240410152824-550x413.jpg\" alt=\"\" width=\"550\" height=\"413\" srcset=\"https:\/\/calderon.gob.ec\/esmeraldas\/wp-content\/uploads\/2025\/08\/IMG20240410152824-550x413.jpg 550w, https:\/\/calderon.gob.ec\/esmeraldas\/wp-content\/uploads\/2025\/08\/IMG20240410152824-1024x768.jpg 1024w, https:\/\/calderon.gob.ec\/esmeraldas\/wp-content\/uploads\/2025\/08\/IMG20240410152824-768x576.jpg 768w, https:\/\/calderon.gob.ec\/esmeraldas\/wp-content\/uploads\/2025\/08\/IMG20240410152824-1536x1152.jpg 1536w, https:\/\/calderon.gob.ec\/esmeraldas\/wp-content\/uploads\/2025\/08\/IMG20240410152824-2048x1536.jpg 2048w\" sizes=\"auto, (max-width: 550px) 100vw, 550px\" \/><\/p>\n<p data-start=\"883\" data-end=\"976\"><img loading=\"lazy\" decoding=\"async\" class=\"size-medium wp-image-2056 aligncenter\" src=\"https:\/\/calderon.gob.ec\/esmeraldas\/wp-content\/uploads\/2025\/08\/IMG20240410161406-550x413.jpg\" alt=\"\" width=\"550\" height=\"413\" srcset=\"https:\/\/calderon.gob.ec\/esmeraldas\/wp-content\/uploads\/2025\/08\/IMG20240410161406-550x413.jpg 550w, https:\/\/calderon.gob.ec\/esmeraldas\/wp-content\/uploads\/2025\/08\/IMG20240410161406-1024x768.jpg 1024w, https:\/\/calderon.gob.ec\/esmeraldas\/wp-content\/uploads\/2025\/08\/IMG20240410161406-768x576.jpg 768w, https:\/\/calderon.gob.ec\/esmeraldas\/wp-content\/uploads\/2025\/08\/IMG20240410161406-1536x1152.jpg 1536w, https:\/\/calderon.gob.ec\/esmeraldas\/wp-content\/uploads\/2025\/08\/IMG20240410161406-2048x1536.jpg 2048w\" sizes=\"auto, (max-width: 550px) 100vw, 550px\" \/><\/p>\n<p data-start=\"883\" data-end=\"976\"><img loading=\"lazy\" decoding=\"async\" class=\"size-medium wp-image-2057 aligncenter\" src=\"https:\/\/calderon.gob.ec\/esmeraldas\/wp-content\/uploads\/2025\/08\/IMG20240410164204-550x413.jpg\" alt=\"\" width=\"550\" height=\"413\" srcset=\"https:\/\/calderon.gob.ec\/esmeraldas\/wp-content\/uploads\/2025\/08\/IMG20240410164204-550x413.jpg 550w, https:\/\/calderon.gob.ec\/esmeraldas\/wp-content\/uploads\/2025\/08\/IMG20240410164204-1024x768.jpg 1024w, https:\/\/calderon.gob.ec\/esmeraldas\/wp-content\/uploads\/2025\/08\/IMG20240410164204-768x576.jpg 768w, https:\/\/calderon.gob.ec\/esmeraldas\/wp-content\/uploads\/2025\/08\/IMG20240410164204-1536x1152.jpg 1536w, https:\/\/calderon.gob.ec\/esmeraldas\/wp-content\/uploads\/2025\/08\/IMG20240410164204-2048x1536.jpg 2048w\" sizes=\"auto, (max-width: 550px) 100vw, 550px\" \/><\/p>\n","protected":false},"excerpt":{"rendered":"<p>\u00a1Seguimos fortaleciendo el trabajo por la ni\u00f1ez! \ud83d\ude4cEl GAD Parroquial de Calder\u00f3n realiz\u00f3 una jornada de capacitaci\u00f3n dirigida a las educadoras del Centro de Desarrollo Infantil (CDI) con el objetivo de reforzar sus conocimientos y brindar herramientas actualizadas para una atenci\u00f3n integral y de calidad a nuestros ni\u00f1os y ni\u00f1as. \ud83d\udc76\u2764\ufe0f Durante el encuentro se&hellip;<\/p>\n","protected":false},"author":9,"featured_media":2054,"comment_status":"closed","ping_status":"closed","sticky":false,"template":"","format":"standard","meta":{"_joinchat":[]},"categories":[1],"tags":[],"class_list":["post-2053","post","type-post","status-publish","format-standard","has-post-thumbnail","hentry","category-noticias","category-1","description-off"],"_links":{"self":[{"href":"https:\/\/calderon.gob.ec\/esmeraldas\/index.php?rest_route=\/wp\/v2\/posts\/2053","targetHints":{"allow":["GET"]}}],"collection":[{"href":"https:\/\/calderon.gob.ec\/esmeraldas\/index.php?rest_route=\/wp\/v2\/posts"}],"about":[{"href":"https:\/\/calderon.gob.ec\/esmeraldas\/index.php?rest_route=\/wp\/v2\/types\/post"}],"author":[{"embeddable":true,"href":"https:\/\/calderon.gob.ec\/esmeraldas\/index.php?rest_route=\/wp\/v2\/users\/9"}],"replies":[{"embeddable":true,"href":"https:\/\/calderon.gob.ec\/esmeraldas\/index.php?rest_route=%2Fwp%2Fv2%2Fcomments&post=2053"}],"version-history":[{"count":2,"href":"https:\/\/calderon.gob.ec\/esmeraldas\/index.php?rest_route=\/wp\/v2\/posts\/2053\/revisions"}],"predecessor-version":[{"id":2059,"href":"https:\/\/calderon.gob.ec\/esmeraldas\/index.php?rest_route=\/wp\/v2\/posts\/2053\/revisions\/2059"}],"wp:featuredmedia":[{"embeddable":true,"href":"https:\/\/calderon.gob.ec\/esmeraldas\/index.php?rest_route=\/wp\/v2\/media\/2054"}],"wp:attachment":[{"href":"https:\/\/calderon.gob.ec\/esmeraldas\/index.php?rest_route=%2Fwp%2Fv2%2Fmedia&parent=2053"}],"wp:term":[{"taxonomy":"category","embeddable":true,"href":"https:\/\/calderon.gob.ec\/esmeraldas\/index.php?rest_route=%2Fwp%2Fv2%2Fcategories&post=2053"},{"taxonomy":"post_tag","embeddable":true,"href":"https:\/\/calderon.gob.ec\/esmeraldas\/index.php?rest_route=%2Fwp%2Fv2%2Ftags&post=2053"}],"curies":[{"name":"wp","href":"https:\/\/api.w.org\/{rel}","templated":true}]}}