{"id":2047,"date":"2024-04-04T17:19:36","date_gmt":"2024-04-04T21:19:36","guid":{"rendered":"https:\/\/calderon.gob.ec\/esmeraldas\/?p=2047"},"modified":"2025-08-01T17:24:31","modified_gmt":"2025-08-01T21:24:31","slug":"%f0%9f%9a%a7%f0%9f%92%a1-calderon-se-ilumina-%f0%9f%92%a1%f0%9f%9a%a7","status":"publish","type":"post","link":"https:\/\/calderon.gob.ec\/esmeraldas\/?p=2047","title":{"rendered":"\ud83d\udea7\ud83d\udca1 \u00a1Calder\u00f3n se ilumina! \ud83d\udca1\ud83d\udea7"},"content":{"rendered":"<p data-start=\"138\" data-end=\"318\">El GAD Parroquial de Calder\u00f3n, en coordinaci\u00f3n con @CNEL_EP, est\u00e1 llevando a cabo trabajos de <strong data-start=\"232\" data-end=\"270\">mejoramiento del alumbrado p\u00fablico<\/strong> en varios sectores de nuestra parroquia. \ud83d\udc77\u200d\u2642\ufe0f\u2728<\/p>\n<p data-start=\"320\" data-end=\"430\">\u2705 Cambio de luminarias por tecnolog\u00eda LED<br data-start=\"361\" data-end=\"364\" \/>\u2705 Instalaci\u00f3n de nuevos postes<br data-start=\"394\" data-end=\"397\" \/>\u2705 Reparaci\u00f3n de l\u00edneas el\u00e9ctricas<\/p>\n<p data-start=\"432\" data-end=\"586\">Estas acciones buscan <strong data-start=\"454\" data-end=\"479\">reforzar la seguridad<\/strong>, mejorar la visibilidad y brindar espacios m\u00e1s seguros y funcionales para todos nuestros habitantes. \ud83c\udf19\ud83d\udee3\ufe0f<\/p>\n<p data-start=\"588\" data-end=\"696\">\ud83d\udcac Seguimos gestionando soluciones reales para el bienestar de nuestra ge nte. \u00a1Gracias CNEL por el apoyo! \ud83d\udcaa<\/p>\n<p data-start=\"588\" data-end=\"696\"><img loading=\"lazy\" decoding=\"async\" class=\"size-medium wp-image-2048 aligncenter\" src=\"https:\/\/calderon.gob.ec\/esmeraldas\/wp-content\/uploads\/2025\/08\/IMG20240404121900-550x733.jpg\" alt=\"\" width=\"550\" height=\"733\" srcset=\"https:\/\/calderon.gob.ec\/esmeraldas\/wp-content\/uploads\/2025\/08\/IMG20240404121900-550x733.jpg 550w, https:\/\/calderon.gob.ec\/esmeraldas\/wp-content\/uploads\/2025\/08\/IMG20240404121900-768x1024.jpg 768w, https:\/\/calderon.gob.ec\/esmeraldas\/wp-content\/uploads\/2025\/08\/IMG20240404121900-1152x1536.jpg 1152w, https:\/\/calderon.gob.ec\/esmeraldas\/wp-content\/uploads\/2025\/08\/IMG20240404121900-1536x2048.jpg 1536w, https:\/\/calderon.gob.ec\/esmeraldas\/wp-content\/uploads\/2025\/08\/IMG20240404121900-scaled.jpg 1920w\" sizes=\"auto, (max-width: 550px) 100vw, 550px\" \/><\/p>\n<p data-start=\"588\" data-end=\"696\"><img loading=\"lazy\" decoding=\"async\" class=\"size-medium wp-image-2050 aligncenter\" src=\"https:\/\/calderon.gob.ec\/esmeraldas\/wp-content\/uploads\/2025\/08\/IMG20240404121850-550x733.jpg\" alt=\"\" width=\"550\" height=\"733\" srcset=\"https:\/\/calderon.gob.ec\/esmeraldas\/wp-content\/uploads\/2025\/08\/IMG20240404121850-550x733.jpg 550w, https:\/\/calderon.gob.ec\/esmeraldas\/wp-content\/uploads\/2025\/08\/IMG20240404121850-768x1024.jpg 768w, https:\/\/calderon.gob.ec\/esmeraldas\/wp-content\/uploads\/2025\/08\/IMG20240404121850-1152x1536.jpg 1152w, https:\/\/calderon.gob.ec\/esmeraldas\/wp-content\/uploads\/2025\/08\/IMG20240404121850-1536x2048.jpg 1536w, https:\/\/calderon.gob.ec\/esmeraldas\/wp-content\/uploads\/2025\/08\/IMG20240404121850-scaled.jpg 1920w\" sizes=\"auto, (max-width: 550px) 100vw, 550px\" \/><\/p>\n<p data-start=\"588\" data-end=\"696\"><img loading=\"lazy\" decoding=\"async\" class=\"size-medium wp-image-2049 aligncenter\" src=\"https:\/\/calderon.gob.ec\/esmeraldas\/wp-content\/uploads\/2025\/08\/IMG20240404122059-550x413.jpg\" alt=\"\" width=\"550\" height=\"413\" srcset=\"https:\/\/calderon.gob.ec\/esmeraldas\/wp-content\/uploads\/2025\/08\/IMG20240404122059-550x413.jpg 550w, https:\/\/calderon.gob.ec\/esmeraldas\/wp-content\/uploads\/2025\/08\/IMG20240404122059-1024x768.jpg 1024w, https:\/\/calderon.gob.ec\/esmeraldas\/wp-content\/uploads\/2025\/08\/IMG20240404122059-768x576.jpg 768w, https:\/\/calderon.gob.ec\/esmeraldas\/wp-content\/uploads\/2025\/08\/IMG20240404122059-1536x1152.jpg 1536w, https:\/\/calderon.gob.ec\/esmeraldas\/wp-content\/uploads\/2025\/08\/IMG20240404122059-2048x1536.jpg 2048w\" sizes=\"auto, (max-width: 550px) 100vw, 550px\" \/><\/p>\n","protected":false},"excerpt":{"rendered":"<p>El GAD Parroquial de Calder\u00f3n, en coordinaci\u00f3n con @CNEL_EP, est\u00e1 llevando a cabo trabajos de mejoramiento del alumbrado p\u00fablico en varios sectores de nuestra parroquia. \ud83d\udc77\u200d\u2642\ufe0f\u2728 \u2705 Cambio de luminarias por tecnolog\u00eda LED\u2705 Instalaci\u00f3n de nuevos postes\u2705 Reparaci\u00f3n de l\u00edneas el\u00e9ctricas Estas acciones buscan reforzar la seguridad, mejorar la visibilidad y brindar espacios m\u00e1s seguros&hellip;<\/p>\n","protected":false},"author":9,"featured_media":2050,"comment_status":"closed","ping_status":"closed","sticky":false,"template":"","format":"standard","meta":{"_joinchat":[]},"categories":[1],"tags":[],"class_list":["post-2047","post","type-post","status-publish","format-standard","has-post-thumbnail","hentry","category-noticias","category-1","description-off"],"_links":{"self":[{"href":"https:\/\/calderon.gob.ec\/esmeraldas\/index.php?rest_route=\/wp\/v2\/posts\/2047","targetHints":{"allow":["GET"]}}],"collection":[{"href":"https:\/\/calderon.gob.ec\/esmeraldas\/index.php?rest_route=\/wp\/v2\/posts"}],"about":[{"href":"https:\/\/calderon.gob.ec\/esmeraldas\/index.php?rest_route=\/wp\/v2\/types\/post"}],"author":[{"embeddable":true,"href":"https:\/\/calderon.gob.ec\/esmeraldas\/index.php?rest_route=\/wp\/v2\/users\/9"}],"replies":[{"embeddable":true,"href":"https:\/\/calderon.gob.ec\/esmeraldas\/index.php?rest_route=%2Fwp%2Fv2%2Fcomments&post=2047"}],"version-history":[{"count":2,"href":"https:\/\/calderon.gob.ec\/esmeraldas\/index.php?rest_route=\/wp\/v2\/posts\/2047\/revisions"}],"predecessor-version":[{"id":2052,"href":"https:\/\/calderon.gob.ec\/esmeraldas\/index.php?rest_route=\/wp\/v2\/posts\/2047\/revisions\/2052"}],"wp:featuredmedia":[{"embeddable":true,"href":"https:\/\/calderon.gob.ec\/esmeraldas\/index.php?rest_route=\/wp\/v2\/media\/2050"}],"wp:attachment":[{"href":"https:\/\/calderon.gob.ec\/esmeraldas\/index.php?rest_route=%2Fwp%2Fv2%2Fmedia&parent=2047"}],"wp:term":[{"taxonomy":"category","embeddable":true,"href":"https:\/\/calderon.gob.ec\/esmeraldas\/index.php?rest_route=%2Fwp%2Fv2%2Fcategories&post=2047"},{"taxonomy":"post_tag","embeddable":true,"href":"https:\/\/calderon.gob.ec\/esmeraldas\/index.php?rest_route=%2Fwp%2Fv2%2Ftags&post=2047"}],"curies":[{"name":"wp","href":"https:\/\/api.w.org\/{rel}","templated":true}]}}