{"id":2041,"date":"2024-04-02T17:14:27","date_gmt":"2024-04-02T21:14:27","guid":{"rendered":"https:\/\/calderon.gob.ec\/esmeraldas\/?p=2041"},"modified":"2025-08-01T17:25:29","modified_gmt":"2025-08-01T21:25:29","slug":"visita-tecnica-al-pozo-de-agua-de-calderon-para-evaluar-condiciones-y-mejoras","status":"publish","type":"post","link":"https:\/\/calderon.gob.ec\/esmeraldas\/?p=2041","title":{"rendered":"Visita T\u00e9cnica al Pozo de Agua de Calder\u00f3n para Evaluar Condiciones y Mejoras"},"content":{"rendered":"<p data-start=\"272\" data-end=\"627\">El Gobierno Aut\u00f3nomo Descentralizado Parroquial de Calder\u00f3n, comprometido con el desarrollo y el bienestar de su comunidad, realiz\u00f3 una importante visita t\u00e9cnica al pozo de agua de la parroquia con el objetivo de evaluar su estado actual, identificar posibles mejoras y planificar acciones que garanticen el acceso a agua segura para todos los habitantes.<\/p>\n<p data-start=\"629\" data-end=\"914\">Durante el recorrido, t\u00e9cnicos especializados junto a autoridades del GAD inspeccionaron las condiciones estructurales del pozo, el sistema de bombeo y la calidad del agua, tomando nota de las necesidades m\u00e1s urgentes en cuanto a mantenimiento, equipamiento y optimizaci\u00f3n del sistema.<\/p>\n<p data-start=\"916\" data-end=\"1150\">Esta visita forma parte de una planificaci\u00f3n estrat\u00e9gica que busca fortalecer la infraestructura h\u00eddrica de la parroquia y brindar soluciones sostenibles ante los constantes desaf\u00edos relacionados con el abastecimiento de agua potable.<\/p>\n<p data-start=\"1152\" data-end=\"1451\">El GAD de Calder\u00f3n reitera su compromiso con la gesti\u00f3n responsable de los recursos y continuar\u00e1 trabajando de manera articulada con las entidades competentes y la comunidad para garantizar el derecho al agua, promoviendo proyectos que impacten positivamente en la calidad de vida de sus habitantes.<\/p>\n<p data-start=\"1152\" data-end=\"1451\"><img loading=\"lazy\" decoding=\"async\" class=\"size-medium wp-image-2042 aligncenter\" src=\"https:\/\/calderon.gob.ec\/esmeraldas\/wp-content\/uploads\/2025\/08\/IMG20240402123724-550x413.jpg\" alt=\"\" width=\"550\" height=\"413\" srcset=\"https:\/\/calderon.gob.ec\/esmeraldas\/wp-content\/uploads\/2025\/08\/IMG20240402123724-550x413.jpg 550w, https:\/\/calderon.gob.ec\/esmeraldas\/wp-content\/uploads\/2025\/08\/IMG20240402123724-1024x768.jpg 1024w, https:\/\/calderon.gob.ec\/esmeraldas\/wp-content\/uploads\/2025\/08\/IMG20240402123724-768x576.jpg 768w, https:\/\/calderon.gob.ec\/esmeraldas\/wp-content\/uploads\/2025\/08\/IMG20240402123724-1536x1152.jpg 1536w, https:\/\/calderon.gob.ec\/esmeraldas\/wp-content\/uploads\/2025\/08\/IMG20240402123724-2048x1536.jpg 2048w\" sizes=\"auto, (max-width: 550px) 100vw, 550px\" \/><\/p>\n<p data-start=\"1152\" data-end=\"1451\"><img loading=\"lazy\" decoding=\"async\" class=\"size-medium wp-image-2043 aligncenter\" src=\"https:\/\/calderon.gob.ec\/esmeraldas\/wp-content\/uploads\/2025\/08\/IMG20240402123915-550x413.jpg\" alt=\"\" width=\"550\" height=\"413\" srcset=\"https:\/\/calderon.gob.ec\/esmeraldas\/wp-content\/uploads\/2025\/08\/IMG20240402123915-550x413.jpg 550w, https:\/\/calderon.gob.ec\/esmeraldas\/wp-content\/uploads\/2025\/08\/IMG20240402123915-1024x768.jpg 1024w, https:\/\/calderon.gob.ec\/esmeraldas\/wp-content\/uploads\/2025\/08\/IMG20240402123915-768x576.jpg 768w, https:\/\/calderon.gob.ec\/esmeraldas\/wp-content\/uploads\/2025\/08\/IMG20240402123915-1536x1152.jpg 1536w, https:\/\/calderon.gob.ec\/esmeraldas\/wp-content\/uploads\/2025\/08\/IMG20240402123915-2048x1536.jpg 2048w\" sizes=\"auto, (max-width: 550px) 100vw, 550px\" \/><\/p>\n<p data-start=\"1152\" data-end=\"1451\"><img loading=\"lazy\" decoding=\"async\" class=\"size-medium wp-image-2044 aligncenter\" src=\"https:\/\/calderon.gob.ec\/esmeraldas\/wp-content\/uploads\/2025\/08\/IMG20240402124025-550x413.jpg\" alt=\"\" width=\"550\" height=\"413\" srcset=\"https:\/\/calderon.gob.ec\/esmeraldas\/wp-content\/uploads\/2025\/08\/IMG20240402124025-550x413.jpg 550w, https:\/\/calderon.gob.ec\/esmeraldas\/wp-content\/uploads\/2025\/08\/IMG20240402124025-1024x768.jpg 1024w, https:\/\/calderon.gob.ec\/esmeraldas\/wp-content\/uploads\/2025\/08\/IMG20240402124025-768x576.jpg 768w, https:\/\/calderon.gob.ec\/esmeraldas\/wp-content\/uploads\/2025\/08\/IMG20240402124025-1536x1152.jpg 1536w, https:\/\/calderon.gob.ec\/esmeraldas\/wp-content\/uploads\/2025\/08\/IMG20240402124025-2048x1536.jpg 2048w\" sizes=\"auto, (max-width: 550px) 100vw, 550px\" \/><\/p>\n","protected":false},"excerpt":{"rendered":"<p>El Gobierno Aut\u00f3nomo Descentralizado Parroquial de Calder\u00f3n, comprometido con el desarrollo y el bienestar de su comunidad, realiz\u00f3 una importante visita t\u00e9cnica al pozo de agua de la parroquia con el objetivo de evaluar su estado actual, identificar posibles mejoras y planificar acciones que garanticen el acceso a agua segura para todos los habitantes. Durante&hellip;<\/p>\n","protected":false},"author":9,"featured_media":2044,"comment_status":"closed","ping_status":"closed","sticky":false,"template":"","format":"standard","meta":{"_joinchat":[]},"categories":[1],"tags":[],"class_list":["post-2041","post","type-post","status-publish","format-standard","has-post-thumbnail","hentry","category-noticias","category-1","description-off"],"_links":{"self":[{"href":"https:\/\/calderon.gob.ec\/esmeraldas\/index.php?rest_route=\/wp\/v2\/posts\/2041","targetHints":{"allow":["GET"]}}],"collection":[{"href":"https:\/\/calderon.gob.ec\/esmeraldas\/index.php?rest_route=\/wp\/v2\/posts"}],"about":[{"href":"https:\/\/calderon.gob.ec\/esmeraldas\/index.php?rest_route=\/wp\/v2\/types\/post"}],"author":[{"embeddable":true,"href":"https:\/\/calderon.gob.ec\/esmeraldas\/index.php?rest_route=\/wp\/v2\/users\/9"}],"replies":[{"embeddable":true,"href":"https:\/\/calderon.gob.ec\/esmeraldas\/index.php?rest_route=%2Fwp%2Fv2%2Fcomments&post=2041"}],"version-history":[{"count":2,"href":"https:\/\/calderon.gob.ec\/esmeraldas\/index.php?rest_route=\/wp\/v2\/posts\/2041\/revisions"}],"predecessor-version":[{"id":2046,"href":"https:\/\/calderon.gob.ec\/esmeraldas\/index.php?rest_route=\/wp\/v2\/posts\/2041\/revisions\/2046"}],"wp:featuredmedia":[{"embeddable":true,"href":"https:\/\/calderon.gob.ec\/esmeraldas\/index.php?rest_route=\/wp\/v2\/media\/2044"}],"wp:attachment":[{"href":"https:\/\/calderon.gob.ec\/esmeraldas\/index.php?rest_route=%2Fwp%2Fv2%2Fmedia&parent=2041"}],"wp:term":[{"taxonomy":"category","embeddable":true,"href":"https:\/\/calderon.gob.ec\/esmeraldas\/index.php?rest_route=%2Fwp%2Fv2%2Fcategories&post=2041"},{"taxonomy":"post_tag","embeddable":true,"href":"https:\/\/calderon.gob.ec\/esmeraldas\/index.php?rest_route=%2Fwp%2Fv2%2Ftags&post=2041"}],"curies":[{"name":"wp","href":"https:\/\/api.w.org\/{rel}","templated":true}]}}