{"id":1682,"date":"2024-02-03T11:45:06","date_gmt":"2024-02-03T15:45:06","guid":{"rendered":"https:\/\/calderon.gob.ec\/esmeraldas\/?p=1682"},"modified":"2025-07-22T11:45:48","modified_gmt":"2025-07-22T15:45:48","slug":"continuan-los-trabajos-para-rehabilitar-el-sistema-de-captacion-de-agua-en-nuestra-parroquia","status":"publish","type":"post","link":"https:\/\/calderon.gob.ec\/esmeraldas\/?p=1682","title":{"rendered":"\u00a1Contin\u00faan los trabajos para rehabilitar el sistema de captaci\u00f3n de agua en nuestra parroquia!"},"content":{"rendered":"<p data-start=\"189\" data-end=\"478\">El Gobierno Aut\u00f3nomo Descentralizado Parroquial de Calder\u00f3n informa a la comunidad que seguimos avanzando con las labores de rehabilitaci\u00f3n del sistema de captaci\u00f3n de agua, con el objetivo de mejorar el abastecimiento y garantizar un servicio de mejor calidad para todos los habitantes.<\/p>\n<p data-start=\"480\" data-end=\"658\">Estos trabajos se realizan con el compromiso de optimizar la infraestructura h\u00eddrica y brindar soluciones sostenibles a una de las principales necesidades de nuestra parroquia.<\/p>\n<p data-start=\"660\" data-end=\"801\">Agradecemos la paciencia y colaboraci\u00f3n de los moradores durante el desarrollo de estas obras, que pronto beneficiar\u00e1n a toda la comunidad.<\/p>\n<p data-start=\"803\" data-end=\"859\"><strong data-start=\"803\" data-end=\"857\">\u00a1Seguimos trabajando por el bienestar de Calder\u00f3n!<\/strong><\/p>\n<p data-start=\"803\" data-end=\"859\"><img loading=\"lazy\" decoding=\"async\" class=\"size-medium wp-image-1683 aligncenter\" src=\"https:\/\/calderon.gob.ec\/esmeraldas\/wp-content\/uploads\/2025\/07\/IMG20240203154010-550x413.jpg\" alt=\"\" width=\"550\" height=\"413\" srcset=\"https:\/\/calderon.gob.ec\/esmeraldas\/wp-content\/uploads\/2025\/07\/IMG20240203154010-550x413.jpg 550w, https:\/\/calderon.gob.ec\/esmeraldas\/wp-content\/uploads\/2025\/07\/IMG20240203154010-1024x768.jpg 1024w, https:\/\/calderon.gob.ec\/esmeraldas\/wp-content\/uploads\/2025\/07\/IMG20240203154010-768x576.jpg 768w, https:\/\/calderon.gob.ec\/esmeraldas\/wp-content\/uploads\/2025\/07\/IMG20240203154010-1536x1152.jpg 1536w, https:\/\/calderon.gob.ec\/esmeraldas\/wp-content\/uploads\/2025\/07\/IMG20240203154010-2048x1536.jpg 2048w\" sizes=\"auto, (max-width: 550px) 100vw, 550px\" \/><\/p>\n<p data-start=\"803\" data-end=\"859\">Personal trabajando en la zona de captaci\u00f3n, realizando mantenimiento y limpieza de las tuber\u00edas en medio de la vegetaci\u00f3n.<\/p>\n<p data-start=\"803\" data-end=\"859\"><img loading=\"lazy\" decoding=\"async\" class=\"size-medium wp-image-1685 aligncenter\" src=\"https:\/\/calderon.gob.ec\/esmeraldas\/wp-content\/uploads\/2025\/07\/IMG20240208132430-550x733.jpg\" alt=\"\" width=\"550\" height=\"733\" srcset=\"https:\/\/calderon.gob.ec\/esmeraldas\/wp-content\/uploads\/2025\/07\/IMG20240208132430-550x733.jpg 550w, https:\/\/calderon.gob.ec\/esmeraldas\/wp-content\/uploads\/2025\/07\/IMG20240208132430-768x1024.jpg 768w, https:\/\/calderon.gob.ec\/esmeraldas\/wp-content\/uploads\/2025\/07\/IMG20240208132430-1152x1536.jpg 1152w, https:\/\/calderon.gob.ec\/esmeraldas\/wp-content\/uploads\/2025\/07\/IMG20240208132430-1536x2048.jpg 1536w, https:\/\/calderon.gob.ec\/esmeraldas\/wp-content\/uploads\/2025\/07\/IMG20240208132430-scaled.jpg 1920w\" sizes=\"auto, (max-width: 550px) 100vw, 550px\" \/><\/p>\n<p data-start=\"803\" data-end=\"859\">Vista de los nuevos tubos de PVC de alta resistencia que est\u00e1n siendo utilizados para mejorar el sistema de conducci\u00f3n del agua.<\/p>\n<p data-start=\"803\" data-end=\"859\"><img loading=\"lazy\" decoding=\"async\" class=\"size-medium wp-image-1686 aligncenter\" src=\"https:\/\/calderon.gob.ec\/esmeraldas\/wp-content\/uploads\/2025\/07\/IMG20240208133350-550x413.jpg\" alt=\"\" width=\"550\" height=\"413\" srcset=\"https:\/\/calderon.gob.ec\/esmeraldas\/wp-content\/uploads\/2025\/07\/IMG20240208133350-550x413.jpg 550w, https:\/\/calderon.gob.ec\/esmeraldas\/wp-content\/uploads\/2025\/07\/IMG20240208133350-1024x768.jpg 1024w, https:\/\/calderon.gob.ec\/esmeraldas\/wp-content\/uploads\/2025\/07\/IMG20240208133350-768x576.jpg 768w, https:\/\/calderon.gob.ec\/esmeraldas\/wp-content\/uploads\/2025\/07\/IMG20240208133350-1536x1152.jpg 1536w, https:\/\/calderon.gob.ec\/esmeraldas\/wp-content\/uploads\/2025\/07\/IMG20240208133350-2048x1536.jpg 2048w\" sizes=\"auto, (max-width: 550px) 100vw, 550px\" \/><\/p>\n<p data-start=\"803\" data-end=\"859\">Verificaci\u00f3n del flujo de agua en la nueva instalaci\u00f3n de tuber\u00edas, asegurando su correcto funcionamiento para el servicio comunitario.<\/p>\n<p data-start=\"803\" data-end=\"859\"><img loading=\"lazy\" decoding=\"async\" class=\"size-medium wp-image-1684 aligncenter\" src=\"https:\/\/calderon.gob.ec\/esmeraldas\/wp-content\/uploads\/2025\/07\/IMG20240208131935-550x413.jpg\" alt=\"\" width=\"550\" height=\"413\" srcset=\"https:\/\/calderon.gob.ec\/esmeraldas\/wp-content\/uploads\/2025\/07\/IMG20240208131935-550x413.jpg 550w, https:\/\/calderon.gob.ec\/esmeraldas\/wp-content\/uploads\/2025\/07\/IMG20240208131935-1024x768.jpg 1024w, https:\/\/calderon.gob.ec\/esmeraldas\/wp-content\/uploads\/2025\/07\/IMG20240208131935-768x576.jpg 768w, https:\/\/calderon.gob.ec\/esmeraldas\/wp-content\/uploads\/2025\/07\/IMG20240208131935-1536x1152.jpg 1536w, https:\/\/calderon.gob.ec\/esmeraldas\/wp-content\/uploads\/2025\/07\/IMG20240208131935-2048x1536.jpg 2048w\" sizes=\"auto, (max-width: 550px) 100vw, 550px\" \/><\/p>\n<p data-start=\"803\" data-end=\"859\">Avances en la rehabilitaci\u00f3n de la infraestructura h\u00eddrica, con la colocaci\u00f3n y reparaci\u00f3n de tuber\u00edas en el \u00e1rea de abastecimiento.<\/p>\n","protected":false},"excerpt":{"rendered":"<p>El Gobierno Aut\u00f3nomo Descentralizado Parroquial de Calder\u00f3n informa a la comunidad que seguimos avanzando con las labores de rehabilitaci\u00f3n del sistema de captaci\u00f3n de agua, con el objetivo de mejorar el abastecimiento y garantizar un servicio de mejor calidad para todos los habitantes. Estos trabajos se realizan con el compromiso de optimizar la infraestructura h\u00eddrica&hellip;<\/p>\n","protected":false},"author":9,"featured_media":1686,"comment_status":"closed","ping_status":"closed","sticky":false,"template":"","format":"standard","meta":{"_joinchat":[]},"categories":[1],"tags":[],"class_list":["post-1682","post","type-post","status-publish","format-standard","has-post-thumbnail","hentry","category-noticias","category-1","description-off"],"_links":{"self":[{"href":"https:\/\/calderon.gob.ec\/esmeraldas\/index.php?rest_route=\/wp\/v2\/posts\/1682","targetHints":{"allow":["GET"]}}],"collection":[{"href":"https:\/\/calderon.gob.ec\/esmeraldas\/index.php?rest_route=\/wp\/v2\/posts"}],"about":[{"href":"https:\/\/calderon.gob.ec\/esmeraldas\/index.php?rest_route=\/wp\/v2\/types\/post"}],"author":[{"embeddable":true,"href":"https:\/\/calderon.gob.ec\/esmeraldas\/index.php?rest_route=\/wp\/v2\/users\/9"}],"replies":[{"embeddable":true,"href":"https:\/\/calderon.gob.ec\/esmeraldas\/index.php?rest_route=%2Fwp%2Fv2%2Fcomments&post=1682"}],"version-history":[{"count":1,"href":"https:\/\/calderon.gob.ec\/esmeraldas\/index.php?rest_route=\/wp\/v2\/posts\/1682\/revisions"}],"predecessor-version":[{"id":1687,"href":"https:\/\/calderon.gob.ec\/esmeraldas\/index.php?rest_route=\/wp\/v2\/posts\/1682\/revisions\/1687"}],"wp:featuredmedia":[{"embeddable":true,"href":"https:\/\/calderon.gob.ec\/esmeraldas\/index.php?rest_route=\/wp\/v2\/media\/1686"}],"wp:attachment":[{"href":"https:\/\/calderon.gob.ec\/esmeraldas\/index.php?rest_route=%2Fwp%2Fv2%2Fmedia&parent=1682"}],"wp:term":[{"taxonomy":"category","embeddable":true,"href":"https:\/\/calderon.gob.ec\/esmeraldas\/index.php?rest_route=%2Fwp%2Fv2%2Fcategories&post=1682"},{"taxonomy":"post_tag","embeddable":true,"href":"https:\/\/calderon.gob.ec\/esmeraldas\/index.php?rest_route=%2Fwp%2Fv2%2Ftags&post=1682"}],"curies":[{"name":"wp","href":"https:\/\/api.w.org\/{rel}","templated":true}]}}