{"id":1675,"date":"2024-01-26T18:58:06","date_gmt":"2024-01-26T22:58:06","guid":{"rendered":"https:\/\/calderon.gob.ec\/esmeraldas\/?p=1675"},"modified":"2025-07-17T13:58:44","modified_gmt":"2025-07-17T17:58:44","slug":"reunion-comunitaria-en-calderon-juntos-por-el-progreso-de-nuestra-parroquia","status":"publish","type":"post","link":"https:\/\/calderon.gob.ec\/esmeraldas\/?p=1675","title":{"rendered":"Reuni\u00f3n comunitaria en Calder\u00f3n: juntos por el progreso de nuestra parroquia"},"content":{"rendered":"<p data-start=\"233\" data-end=\"587\">En el coliseo de la parroquia se realiz\u00f3 una <strong data-start=\"278\" data-end=\"314\">reuni\u00f3n abierta con la comunidad<\/strong>, donde se trataron temas de gran importancia para el desarrollo y bienestar de todos los habitantes. Fue un espacio de di\u00e1logo directo entre las autoridades y los moradores, reafirmando que <strong data-start=\"505\" data-end=\"584\">escuchar a la ciudadan\u00eda es el primer paso para construir soluciones reales<\/strong>.<\/p>\n<p data-start=\"589\" data-end=\"844\">\ud83d\udccc Durante el encuentro se abordaron puntos clave relacionados con:<br data-start=\"656\" data-end=\"659\" \/>\u2705 Proyectos prioritarios para mejorar los servicios b\u00e1sicos<br data-start=\"718\" data-end=\"721\" \/>\u2705 Gesti\u00f3n de obras de infraestructura y mantenimiento comunitario<br data-start=\"786\" data-end=\"789\" \/>\u2705 Acciones para fortalecer la participaci\u00f3n ciudadana<\/p>\n<p data-start=\"846\" data-end=\"1077\">La asistencia de hombres, mujeres, j\u00f3venes y adultos mayores demostr\u00f3 el <strong data-start=\"919\" data-end=\"981\">compromiso de la comunidad por ser parte activa del cambio<\/strong>. Adem\u00e1s, se destac\u00f3 la importancia de la uni\u00f3n y la organizaci\u00f3n para alcanzar metas comunes.<\/p>\n<hr data-start=\"1079\" data-end=\"1082\" \/>\n<h3 data-start=\"1084\" data-end=\"1117\"><strong data-start=\"1088\" data-end=\"1117\">\ud83d\udcf8 Momentos de la reuni\u00f3n<\/strong><\/h3>\n<p data-start=\"1119\" data-end=\"1279\"><strong data-start=\"1119\" data-end=\"1151\">1\ufe0f\u20e3 Conversando con la gente<\/strong><\/p>\n<p data-start=\"1119\" data-end=\"1279\"><img loading=\"lazy\" decoding=\"async\" class=\"alignnone size-medium wp-image-1678\" src=\"https:\/\/calderon.gob.ec\/esmeraldas\/wp-content\/uploads\/2025\/07\/IMG20240126162142-550x413.jpg\" alt=\"\" width=\"550\" height=\"413\" srcset=\"https:\/\/calderon.gob.ec\/esmeraldas\/wp-content\/uploads\/2025\/07\/IMG20240126162142-550x413.jpg 550w, https:\/\/calderon.gob.ec\/esmeraldas\/wp-content\/uploads\/2025\/07\/IMG20240126162142-1024x768.jpg 1024w, https:\/\/calderon.gob.ec\/esmeraldas\/wp-content\/uploads\/2025\/07\/IMG20240126162142-768x576.jpg 768w, https:\/\/calderon.gob.ec\/esmeraldas\/wp-content\/uploads\/2025\/07\/IMG20240126162142-1536x1152.jpg 1536w, https:\/\/calderon.gob.ec\/esmeraldas\/wp-content\/uploads\/2025\/07\/IMG20240126162142-2048x1536.jpg 2048w\" sizes=\"auto, (max-width: 550px) 100vw, 550px\" \/><br data-start=\"1151\" data-end=\"1154\" \/>Las autoridades expusieron los temas a tratar, mientras los moradores escuchaban con atenci\u00f3n y compart\u00edan sus inquietudes.<\/p>\n<p data-start=\"1281\" data-end=\"1443\"><strong data-start=\"1281\" data-end=\"1309\">2\ufe0f\u20e3 Participaci\u00f3n activa<\/strong><\/p>\n<p data-start=\"1281\" data-end=\"1443\"><img loading=\"lazy\" decoding=\"async\" class=\"alignnone size-medium wp-image-1676\" src=\"https:\/\/calderon.gob.ec\/esmeraldas\/wp-content\/uploads\/2025\/07\/IMG20240126163434-550x413.jpg\" alt=\"\" width=\"550\" height=\"413\" srcset=\"https:\/\/calderon.gob.ec\/esmeraldas\/wp-content\/uploads\/2025\/07\/IMG20240126163434-550x413.jpg 550w, https:\/\/calderon.gob.ec\/esmeraldas\/wp-content\/uploads\/2025\/07\/IMG20240126163434-1024x768.jpg 1024w, https:\/\/calderon.gob.ec\/esmeraldas\/wp-content\/uploads\/2025\/07\/IMG20240126163434-768x576.jpg 768w, https:\/\/calderon.gob.ec\/esmeraldas\/wp-content\/uploads\/2025\/07\/IMG20240126163434-1536x1152.jpg 1536w, https:\/\/calderon.gob.ec\/esmeraldas\/wp-content\/uploads\/2025\/07\/IMG20240126163434-2048x1536.jpg 2048w\" sizes=\"auto, (max-width: 550px) 100vw, 550px\" \/><br data-start=\"1309\" data-end=\"1312\" \/>Vecinos de todas las edades acudieron para expresar sus ideas y aportar propuestas que fortalezcan el desarrollo de la parroquia.<\/p>\n<p data-start=\"1445\" data-end=\"1614\"><strong data-start=\"1445\" data-end=\"1485\">3\ufe0f\u20e3 Un espacio para construir juntos<\/strong><\/p>\n<p data-start=\"1445\" data-end=\"1614\"><img loading=\"lazy\" decoding=\"async\" class=\"alignnone size-medium wp-image-1679\" src=\"https:\/\/calderon.gob.ec\/esmeraldas\/wp-content\/uploads\/2025\/07\/IMG20240126162155-550x413.jpg\" alt=\"\" width=\"550\" height=\"413\" srcset=\"https:\/\/calderon.gob.ec\/esmeraldas\/wp-content\/uploads\/2025\/07\/IMG20240126162155-550x413.jpg 550w, https:\/\/calderon.gob.ec\/esmeraldas\/wp-content\/uploads\/2025\/07\/IMG20240126162155-1024x768.jpg 1024w, https:\/\/calderon.gob.ec\/esmeraldas\/wp-content\/uploads\/2025\/07\/IMG20240126162155-768x576.jpg 768w, https:\/\/calderon.gob.ec\/esmeraldas\/wp-content\/uploads\/2025\/07\/IMG20240126162155-1536x1152.jpg 1536w, https:\/\/calderon.gob.ec\/esmeraldas\/wp-content\/uploads\/2025\/07\/IMG20240126162155-2048x1536.jpg 2048w\" sizes=\"auto, (max-width: 550px) 100vw, 550px\" \/><br data-start=\"1485\" data-end=\"1488\" \/>La reuni\u00f3n se convirti\u00f3 en un di\u00e1logo abierto, donde cada voz fue escuchada y tomada en cuenta para las pr\u00f3ximas decisiones.<\/p>\n<p data-start=\"1616\" data-end=\"1778\"><strong data-start=\"1616\" data-end=\"1646\">4\ufe0f\u20e3 Compromiso comunitario<\/strong><\/p>\n<p data-start=\"1616\" data-end=\"1778\"><img loading=\"lazy\" decoding=\"async\" class=\"alignnone size-medium wp-image-1677\" src=\"https:\/\/calderon.gob.ec\/esmeraldas\/wp-content\/uploads\/2025\/07\/IMG20240126163438-550x413.jpg\" alt=\"\" width=\"550\" height=\"413\" srcset=\"https:\/\/calderon.gob.ec\/esmeraldas\/wp-content\/uploads\/2025\/07\/IMG20240126163438-550x413.jpg 550w, https:\/\/calderon.gob.ec\/esmeraldas\/wp-content\/uploads\/2025\/07\/IMG20240126163438-1024x768.jpg 1024w, https:\/\/calderon.gob.ec\/esmeraldas\/wp-content\/uploads\/2025\/07\/IMG20240126163438-768x576.jpg 768w, https:\/\/calderon.gob.ec\/esmeraldas\/wp-content\/uploads\/2025\/07\/IMG20240126163438-1536x1152.jpg 1536w, https:\/\/calderon.gob.ec\/esmeraldas\/wp-content\/uploads\/2025\/07\/IMG20240126163438-2048x1536.jpg 2048w\" sizes=\"auto, (max-width: 550px) 100vw, 550px\" \/><br data-start=\"1646\" data-end=\"1649\" \/>La convocatoria reflej\u00f3 el inter\u00e9s de la comunidad en trabajar de la mano con las autoridades para lograr soluciones efectivas.<\/p>\n<hr data-start=\"1780\" data-end=\"1783\" \/>\n<p data-start=\"1785\" data-end=\"1961\">\ud83d\udcac <strong data-start=\"1788\" data-end=\"1909\">\u201cCuando nos unimos como pueblo, todo es posible. Esta reuni\u00f3n es el inicio de nuevas acciones para mejorar Calder\u00f3n\u201d,<\/strong> fue uno de los mensajes destacados del encuentro.<\/p>\n<p data-start=\"1963\" data-end=\"2059\"><strong data-start=\"1963\" data-end=\"2057\">\u00a1Sigamos participando y construyendo juntos el futuro que queremos para nuestra parroquia!<\/strong><\/p>\n","protected":false},"excerpt":{"rendered":"<p>En el coliseo de la parroquia se realiz\u00f3 una reuni\u00f3n abierta con la comunidad, donde se trataron temas de gran importancia para el desarrollo y bienestar de todos los habitantes. Fue un espacio de di\u00e1logo directo entre las autoridades y los moradores, reafirmando que escuchar a la ciudadan\u00eda es el primer paso para construir soluciones&hellip;<\/p>\n","protected":false},"author":9,"featured_media":1679,"comment_status":"closed","ping_status":"closed","sticky":false,"template":"","format":"standard","meta":{"_joinchat":[]},"categories":[1],"tags":[],"class_list":["post-1675","post","type-post","status-publish","format-standard","has-post-thumbnail","hentry","category-noticias","category-1","description-off"],"_links":{"self":[{"href":"https:\/\/calderon.gob.ec\/esmeraldas\/index.php?rest_route=\/wp\/v2\/posts\/1675","targetHints":{"allow":["GET"]}}],"collection":[{"href":"https:\/\/calderon.gob.ec\/esmeraldas\/index.php?rest_route=\/wp\/v2\/posts"}],"about":[{"href":"https:\/\/calderon.gob.ec\/esmeraldas\/index.php?rest_route=\/wp\/v2\/types\/post"}],"author":[{"embeddable":true,"href":"https:\/\/calderon.gob.ec\/esmeraldas\/index.php?rest_route=\/wp\/v2\/users\/9"}],"replies":[{"embeddable":true,"href":"https:\/\/calderon.gob.ec\/esmeraldas\/index.php?rest_route=%2Fwp%2Fv2%2Fcomments&post=1675"}],"version-history":[{"count":1,"href":"https:\/\/calderon.gob.ec\/esmeraldas\/index.php?rest_route=\/wp\/v2\/posts\/1675\/revisions"}],"predecessor-version":[{"id":1680,"href":"https:\/\/calderon.gob.ec\/esmeraldas\/index.php?rest_route=\/wp\/v2\/posts\/1675\/revisions\/1680"}],"wp:featuredmedia":[{"embeddable":true,"href":"https:\/\/calderon.gob.ec\/esmeraldas\/index.php?rest_route=\/wp\/v2\/media\/1679"}],"wp:attachment":[{"href":"https:\/\/calderon.gob.ec\/esmeraldas\/index.php?rest_route=%2Fwp%2Fv2%2Fmedia&parent=1675"}],"wp:term":[{"taxonomy":"category","embeddable":true,"href":"https:\/\/calderon.gob.ec\/esmeraldas\/index.php?rest_route=%2Fwp%2Fv2%2Fcategories&post=1675"},{"taxonomy":"post_tag","embeddable":true,"href":"https:\/\/calderon.gob.ec\/esmeraldas\/index.php?rest_route=%2Fwp%2Fv2%2Ftags&post=1675"}],"curies":[{"name":"wp","href":"https:\/\/api.w.org\/{rel}","templated":true}]}}