{"id":1656,"date":"2024-01-21T13:52:22","date_gmt":"2024-01-21T17:52:22","guid":{"rendered":"https:\/\/calderon.gob.ec\/esmeraldas\/?p=1656"},"modified":"2025-07-17T13:53:00","modified_gmt":"2025-07-17T17:53:00","slug":"sesion-solemne-del-gad-municipal-realizada-en-el-coliseo-de-la-parroquia","status":"publish","type":"post","link":"https:\/\/calderon.gob.ec\/esmeraldas\/?p=1656","title":{"rendered":"Sesi\u00f3n solemne del GAD Municipal realizada en el coliseo de la parroquia"},"content":{"rendered":"<p data-start=\"271\" data-end=\"619\">En el coliseo de la parroquia se llev\u00f3 a cabo una <strong data-start=\"321\" data-end=\"357\">sesi\u00f3n solemne del GAD Municipal<\/strong>, un espacio de di\u00e1logo y participaci\u00f3n en el que se abordaron temas de gran relevancia para el desarrollo local. Autoridades, l\u00edderes comunitarios y moradores se dieron cita para escuchar los informes y propuestas que contribuir\u00e1n al progreso de la parroquia.<\/p>\n<p data-start=\"621\" data-end=\"810\">La jornada permiti\u00f3 fortalecer la articulaci\u00f3n entre el GAD Municipal, los GAD Parroquiales y la ciudadan\u00eda, reafirmando el compromiso de trabajar unidos por el bienestar de la comunidad.<\/p>\n<hr data-start=\"812\" data-end=\"815\" \/>\n<h3 data-start=\"817\" data-end=\"868\"><strong data-start=\"821\" data-end=\"868\">\ud83d\udcf8 Momentos destacados de la sesi\u00f3n solemne<\/strong><\/h3>\n<p data-start=\"870\" data-end=\"1079\"><strong data-start=\"870\" data-end=\"880\"><img loading=\"lazy\" decoding=\"async\" class=\"size-medium wp-image-1658 aligncenter\" src=\"https:\/\/calderon.gob.ec\/esmeraldas\/wp-content\/uploads\/2025\/07\/IMG20240122152310-550x413.jpg\" alt=\"\" width=\"550\" height=\"413\" srcset=\"https:\/\/calderon.gob.ec\/esmeraldas\/wp-content\/uploads\/2025\/07\/IMG20240122152310-550x413.jpg 550w, https:\/\/calderon.gob.ec\/esmeraldas\/wp-content\/uploads\/2025\/07\/IMG20240122152310-1024x768.jpg 1024w, https:\/\/calderon.gob.ec\/esmeraldas\/wp-content\/uploads\/2025\/07\/IMG20240122152310-768x576.jpg 768w, https:\/\/calderon.gob.ec\/esmeraldas\/wp-content\/uploads\/2025\/07\/IMG20240122152310-1536x1152.jpg 1536w, https:\/\/calderon.gob.ec\/esmeraldas\/wp-content\/uploads\/2025\/07\/IMG20240122152310-2048x1536.jpg 2048w\" sizes=\"auto, (max-width: 550px) 100vw, 550px\" \/><\/strong><br data-start=\"880\" data-end=\"883\" \/>Autoridades parroquiales y municipales se ubicaron en la mesa principal para dar inicio a la sesi\u00f3n solemne. La bienvenida estuvo marcada por mensajes de unidad y cooperaci\u00f3n interinstitucional.<\/p>\n<p data-start=\"1081\" data-end=\"1295\"><strong data-start=\"1081\" data-end=\"1091\"><img loading=\"lazy\" decoding=\"async\" class=\"size-medium wp-image-1659 aligncenter\" src=\"https:\/\/calderon.gob.ec\/esmeraldas\/wp-content\/uploads\/2025\/07\/IMG20240122152320-550x413.jpg\" alt=\"\" width=\"550\" height=\"413\" srcset=\"https:\/\/calderon.gob.ec\/esmeraldas\/wp-content\/uploads\/2025\/07\/IMG20240122152320-550x413.jpg 550w, https:\/\/calderon.gob.ec\/esmeraldas\/wp-content\/uploads\/2025\/07\/IMG20240122152320-1024x768.jpg 1024w, https:\/\/calderon.gob.ec\/esmeraldas\/wp-content\/uploads\/2025\/07\/IMG20240122152320-768x576.jpg 768w, https:\/\/calderon.gob.ec\/esmeraldas\/wp-content\/uploads\/2025\/07\/IMG20240122152320-1536x1152.jpg 1536w, https:\/\/calderon.gob.ec\/esmeraldas\/wp-content\/uploads\/2025\/07\/IMG20240122152320-2048x1536.jpg 2048w\" sizes=\"auto, (max-width: 550px) 100vw, 550px\" \/><\/strong><br data-start=\"1091\" data-end=\"1094\" \/>Los asistentes, entre ellos moradores, l\u00edderes comunitarios y representantes de instituciones, ocuparon el coliseo para ser parte de este importante acto. La presencia ciudadana dio realce al evento.<\/p>\n<p data-start=\"1297\" data-end=\"1494\"><strong data-start=\"1297\" data-end=\"1307\"><img loading=\"lazy\" decoding=\"async\" class=\"size-medium wp-image-1665 aligncenter\" src=\"https:\/\/calderon.gob.ec\/esmeraldas\/wp-content\/uploads\/2025\/07\/IMG20240122152828-550x413.jpg\" alt=\"\" width=\"550\" height=\"413\" srcset=\"https:\/\/calderon.gob.ec\/esmeraldas\/wp-content\/uploads\/2025\/07\/IMG20240122152828-550x413.jpg 550w, https:\/\/calderon.gob.ec\/esmeraldas\/wp-content\/uploads\/2025\/07\/IMG20240122152828-1024x768.jpg 1024w, https:\/\/calderon.gob.ec\/esmeraldas\/wp-content\/uploads\/2025\/07\/IMG20240122152828-768x576.jpg 768w, https:\/\/calderon.gob.ec\/esmeraldas\/wp-content\/uploads\/2025\/07\/IMG20240122152828-1536x1152.jpg 1536w, https:\/\/calderon.gob.ec\/esmeraldas\/wp-content\/uploads\/2025\/07\/IMG20240122152828-2048x1536.jpg 2048w\" sizes=\"auto, (max-width: 550px) 100vw, 550px\" \/><\/strong><br data-start=\"1307\" data-end=\"1310\" \/>Durante el desarrollo de la sesi\u00f3n, los representantes del GAD Municipal expusieron temas clave para la parroquia, resaltando la importancia del trabajo conjunto con las comunidades.<\/p>\n<p data-start=\"1496\" data-end=\"1695\"><strong data-start=\"1496\" data-end=\"1506\"><img loading=\"lazy\" decoding=\"async\" class=\"size-medium wp-image-1668 aligncenter\" src=\"https:\/\/calderon.gob.ec\/esmeraldas\/wp-content\/uploads\/2025\/07\/IMG20240122153113-550x413.jpg\" alt=\"\" width=\"550\" height=\"413\" srcset=\"https:\/\/calderon.gob.ec\/esmeraldas\/wp-content\/uploads\/2025\/07\/IMG20240122153113-550x413.jpg 550w, https:\/\/calderon.gob.ec\/esmeraldas\/wp-content\/uploads\/2025\/07\/IMG20240122153113-1024x768.jpg 1024w, https:\/\/calderon.gob.ec\/esmeraldas\/wp-content\/uploads\/2025\/07\/IMG20240122153113-768x576.jpg 768w, https:\/\/calderon.gob.ec\/esmeraldas\/wp-content\/uploads\/2025\/07\/IMG20240122153113-1536x1152.jpg 1536w, https:\/\/calderon.gob.ec\/esmeraldas\/wp-content\/uploads\/2025\/07\/IMG20240122153113-2048x1536.jpg 2048w\" sizes=\"auto, (max-width: 550px) 100vw, 550px\" \/><\/strong><br data-start=\"1506\" data-end=\"1509\" \/>Primer plano de la mesa directiva, donde las autoridades dieron a conocer proyectos y resoluciones en beneficio de la parroquia, destacando el compromiso con el desarrollo territorial.<\/p>\n<p data-start=\"1697\" data-end=\"1874\"><strong data-start=\"1697\" data-end=\"1707\"><img loading=\"lazy\" decoding=\"async\" class=\"size-medium wp-image-1657 aligncenter\" src=\"https:\/\/calderon.gob.ec\/esmeraldas\/wp-content\/uploads\/2025\/07\/IMG20240122161808-550x413.jpg\" alt=\"\" width=\"550\" height=\"413\" srcset=\"https:\/\/calderon.gob.ec\/esmeraldas\/wp-content\/uploads\/2025\/07\/IMG20240122161808-550x413.jpg 550w, https:\/\/calderon.gob.ec\/esmeraldas\/wp-content\/uploads\/2025\/07\/IMG20240122161808-1024x768.jpg 1024w, https:\/\/calderon.gob.ec\/esmeraldas\/wp-content\/uploads\/2025\/07\/IMG20240122161808-768x576.jpg 768w, https:\/\/calderon.gob.ec\/esmeraldas\/wp-content\/uploads\/2025\/07\/IMG20240122161808-1536x1152.jpg 1536w, https:\/\/calderon.gob.ec\/esmeraldas\/wp-content\/uploads\/2025\/07\/IMG20240122161808-2048x1536.jpg 2048w\" sizes=\"auto, (max-width: 550px) 100vw, 550px\" \/><\/strong><br data-start=\"1707\" data-end=\"1710\" \/>Vista general del coliseo, donde se evidenci\u00f3 la activa participaci\u00f3n de la comunidad, escuchando con atenci\u00f3n cada intervenci\u00f3n y aportando al di\u00e1logo colectivo.<\/p>\n<hr data-start=\"1876\" data-end=\"1879\" \/>\n<p data-start=\"1881\" data-end=\"2057\">Este encuentro fortalece los lazos de cooperaci\u00f3n entre autoridades y comunidad, impulsando la planificaci\u00f3n de acciones que promuevan el desarrollo integral de la parroquia.<\/p>\n<p data-start=\"2059\" data-end=\"2130\"><strong data-start=\"2059\" data-end=\"2128\">\u00a1Juntos seguimos construyendo un futuro mejor para nuestra gente!<\/strong><\/p>\n","protected":false},"excerpt":{"rendered":"<p>En el coliseo de la parroquia se llev\u00f3 a cabo una sesi\u00f3n solemne del GAD Municipal, un espacio de di\u00e1logo y participaci\u00f3n en el que se abordaron temas de gran relevancia para el desarrollo local. Autoridades, l\u00edderes comunitarios y moradores se dieron cita para escuchar los informes y propuestas que contribuir\u00e1n al progreso de la&hellip;<\/p>\n","protected":false},"author":9,"featured_media":1669,"comment_status":"closed","ping_status":"closed","sticky":false,"template":"","format":"standard","meta":{"_joinchat":[]},"categories":[1],"tags":[],"class_list":["post-1656","post","type-post","status-publish","format-standard","has-post-thumbnail","hentry","category-noticias","category-1","description-off"],"_links":{"self":[{"href":"https:\/\/calderon.gob.ec\/esmeraldas\/index.php?rest_route=\/wp\/v2\/posts\/1656","targetHints":{"allow":["GET"]}}],"collection":[{"href":"https:\/\/calderon.gob.ec\/esmeraldas\/index.php?rest_route=\/wp\/v2\/posts"}],"about":[{"href":"https:\/\/calderon.gob.ec\/esmeraldas\/index.php?rest_route=\/wp\/v2\/types\/post"}],"author":[{"embeddable":true,"href":"https:\/\/calderon.gob.ec\/esmeraldas\/index.php?rest_route=\/wp\/v2\/users\/9"}],"replies":[{"embeddable":true,"href":"https:\/\/calderon.gob.ec\/esmeraldas\/index.php?rest_route=%2Fwp%2Fv2%2Fcomments&post=1656"}],"version-history":[{"count":1,"href":"https:\/\/calderon.gob.ec\/esmeraldas\/index.php?rest_route=\/wp\/v2\/posts\/1656\/revisions"}],"predecessor-version":[{"id":1674,"href":"https:\/\/calderon.gob.ec\/esmeraldas\/index.php?rest_route=\/wp\/v2\/posts\/1656\/revisions\/1674"}],"wp:featuredmedia":[{"embeddable":true,"href":"https:\/\/calderon.gob.ec\/esmeraldas\/index.php?rest_route=\/wp\/v2\/media\/1669"}],"wp:attachment":[{"href":"https:\/\/calderon.gob.ec\/esmeraldas\/index.php?rest_route=%2Fwp%2Fv2%2Fmedia&parent=1656"}],"wp:term":[{"taxonomy":"category","embeddable":true,"href":"https:\/\/calderon.gob.ec\/esmeraldas\/index.php?rest_route=%2Fwp%2Fv2%2Fcategories&post=1656"},{"taxonomy":"post_tag","embeddable":true,"href":"https:\/\/calderon.gob.ec\/esmeraldas\/index.php?rest_route=%2Fwp%2Fv2%2Ftags&post=1656"}],"curies":[{"name":"wp","href":"https:\/\/api.w.org\/{rel}","templated":true}]}}